{"id":6052,"date":"2013-11-07T14:24:54","date_gmt":"2013-11-07T14:24:54","guid":{"rendered":"http:\/\/www.charlescarson.com\/?p=6052"},"modified":"2014-07-02T15:22:40","modified_gmt":"2014-07-02T15:22:40","slug":"le-peintre-des-couleurs-a-trouve-son-refuge-le-parisien","status":"publish","type":"post","link":"https:\/\/charlescarson.com\/?p=6052","title":{"rendered":"PARIS 2013 &#8211; Le peintre des couleurs a trouv\u00e9 son refuge."},"content":{"rendered":"<p>&nbsp;<\/p>\n<div id=\"attachment_6054\" style=\"width: 176px\" class=\"wp-caption alignright\"><a href=\"http:\/\/www.charlescarson.com\/wp-content\/uploads\/2013\/11\/Le-Parisien-21-10-2013.jpg\"><img loading=\"lazy\" decoding=\"async\" aria-describedby=\"caption-attachment-6054\" class=\"wp-image-6054 size-medium\" src=\"http:\/\/www.charlescarson.com\/wp-content\/uploads\/2013\/11\/Le-Parisien-21-10-2013-166x300.jpg\" alt=\"Le Parisien - 21-10-2013\" width=\"166\" height=\"300\" \/><\/a><p id=\"caption-attachment-6054\" class=\"wp-caption-text\">Journal Le Parisien 21-10-2013 L&rsquo;artiste canadien Charles Carson pose un pied en France. Le peintre des Couleurs \u00e0 trouv\u00e9 son refuge.<\/p><\/div>\n<p style=\"text-align: center;\"><strong>ATELIER CARSON \u2013 GALERIE D\u2019ART CONTEMPORAIN DOUKHAN<\/strong><\/p>\n<p><b>JOURNAL LE PARISIEN &#8211; \u00a0<\/b><strong>Plus d&rsquo;un million de lecteur<\/strong> &#8211;\u00a0<b>21 Octobre 2013<\/b><\/p>\n<p><b>Le peintre des couleurs a trouv\u00e9 son refuge<\/b><\/p>\n<p><b>Florence HUBIN<\/b><\/p>\n<p>L&rsquo;artiste canadien Charles Carson pose un pied en France.\u00a0Courbevoie, rue de Belfort, vendredi 11 octobre. Charles Carson, peintre canadien, a ouvert un atelier-galerie \u00e0 deux pas de la D\u00e9fense.<\/p>\n<p>Dans son atelier-galerie, \u00e0 quelques minutes \u00e0 pied des tours de bureaux de La D\u00e9fense. Charles Carson veut faire d\u00e9couvrir aux amateurs, initi\u00e9s ou non, ses oeuvres multicolores, lui qui est consid\u00e9r\u00e9 comme une figure montante de la peinture canadienne. Apr\u00e8s trente-cinq ans de cr\u00e9ation et des expositions dans le monde entier, l&rsquo;artiste s&rsquo;est pos\u00e9 un mois et demi dans son nouvel atelier de Courbevoie, qu&rsquo;il quittera demain pour plusieurs mois.<\/p>\n<p><a href=\"http:\/\/www.charlescarson.com\/wp-content\/uploads\/2013\/11\/3-Charles-Carson-Paris-S.jpg\"><img loading=\"lazy\" decoding=\"async\" class=\"size-medium wp-image-6058 alignleft\" style=\"margin: 5px;\" src=\"http:\/\/www.charlescarson.com\/wp-content\/uploads\/2013\/11\/3-Charles-Carson-Paris-S-300x199.jpg\" alt=\"3 - Charles Carson - Paris - S\" width=\"300\" height=\"199\" srcset=\"https:\/\/www.charlescarson.com\/wp-content\/uploads\/2013\/11\/3-Charles-Carson-Paris-S-300x199.jpg 300w, https:\/\/www.charlescarson.com\/wp-content\/uploads\/2013\/11\/3-Charles-Carson-Paris-S-150x99.jpg 150w, https:\/\/www.charlescarson.com\/wp-content\/uploads\/2013\/11\/3-Charles-Carson-Paris-S-450x299.jpg 450w, https:\/\/www.charlescarson.com\/wp-content\/uploads\/2013\/11\/3-Charles-Carson-Paris-S-100x66.jpg 100w, https:\/\/www.charlescarson.com\/wp-content\/uploads\/2013\/11\/3-Charles-Carson-Paris-S.jpg 1000w\" sizes=\"auto, (max-width: 300px) 100vw, 300px\" \/><\/a><\/p>\n<p><b>Il compte y venir deux mois par an<\/b><\/p>\n<p>\u00abJe veux passer plus de temps en Europe pour peindre\u00bb, confie Charles Carson, qui partage sa vie entre Miami le Canada et la Colombie, o\u00f9 il a v\u00e9cu dix ans. A Courbevoie, il a \u00e9t\u00e9 s\u00e9duit par la surface et la hauteur de plafond de l&rsquo;atelier et en appr\u00e9cie surtout la luminosit\u00e9 des verri\u00e8re. \u00abJe suis habitu\u00e9 aux grands espaces. Mais quand je cr\u00e9e, je me d\u00e9connecte compl\u00e8tement de mon environnement\u00bb, assure le peintre, auquel il ne d\u00e9pla\u00eet pas d&rsquo;\u00eatre plong\u00e9 en quelques minutes, pass\u00e9 le porche de l&rsquo;immeuble de la rue de Belfort, dans l&rsquo;activit\u00e9 de la ville.<\/p>\n<p>\u00abIci, on est proche de tout. Je vais au Louvre, aux Tuileries &#8230;\u00bb. \u00e9num\u00e8re l&rsquo;artiste qui s&rsquo;est inspir\u00e9 en France non seulement des paysages du littoral, des c\u00f4tes de la Manche \u00e0 Marseille, mais aussi des nombreux ch\u00e2teaux et monuments. A La D\u00e9fense, o\u00f9 il a \u00e9t\u00e9 surpris de trouver sur le parvis une statue de Miro, il admire la perspective sur la capitale : \u00ab C&rsquo;est une vue panoramique qu&rsquo;on ne trouve nulle part ailleurs. \u00bb<\/p>\n<p>Dans son atelier-galerie de la rue de Belfort, o\u00f9 Charles Carson compte revenir deux mois par an, seront pr\u00e9sent\u00e9es les oeuvres r\u00e9alis\u00e9es ici ces derni\u00e8res semaines, notamment plusieurs \u00abmosa\u00efque\u00bb tr\u00e8s caract\u00e9ristiques de la technique picturale de l&rsquo;artiste.<\/p>\n<p style=\"text-align: center;\"><strong>ATELIER CARSON &#8211; GALERIE D&rsquo;ART CONTEMPORAIN DOUKHAN<\/strong><\/p>\n<p style=\"text-align: center;\"><strong>INFO : MME FABIENNE DOUKHAN<\/strong><\/p>\n<p style=\"text-align: center;\"><strong>53, RUE DE BELFORT &#8211;\u00a092400 COURBEVOIE, R\u00c9GION PARISIENNE<\/strong><\/p>\n<p style=\"text-align: center;\">(A deux pas de la D\u00e9fense)<\/p>\n<p style=\"text-align: center;\"><strong>Pour Rendez-vous :<\/strong><\/p>\n<p style=\"text-align: center;\"><strong>Bureau:\u00a0\u00a0\u00a0\u00a0 01.43.33.52.63 \u00a0 \u00a0-Portable : 06.09.47.43.60<\/strong><\/p>\n<p><iframe loading=\"lazy\" title=\"Art Contemporain - Marchand d&#039;art DOUKHAN \u00e0 PARIS - Charles Carson artiste Canadien\" width=\"584\" height=\"438\" src=\"https:\/\/www.youtube.com\/embed\/idBSS3u2uk4?feature=oembed\" frameborder=\"0\" allow=\"accelerometer; autoplay; clipboard-write; encrypted-media; gyroscope; picture-in-picture; web-share\" referrerpolicy=\"strict-origin-when-cross-origin\" allowfullscreen><\/iframe><\/p>\n<p style=\"text-align: center;\">________________________________________________________________________________________<\/p>\n<div id=\"attachment_6091\" style=\"width: 310px\" class=\"wp-caption alignleft\"><a href=\"http:\/\/www.charlescarson.com\/wp-content\/uploads\/2013\/11\/Charles-Carson-invit\u00e9-dhonneur-au-Gala-des-sommeliers-de-Paris.jpg\"><img loading=\"lazy\" decoding=\"async\" aria-describedby=\"caption-attachment-6091\" class=\"size-medium wp-image-6091   \" style=\"margin-left: 5px; margin-right: 5px;\" src=\"http:\/\/www.charlescarson.com\/wp-content\/uploads\/2013\/11\/Charles-Carson-invit\u00e9-dhonneur-au-Gala-des-sommeliers-de-Paris-300x199.jpg\" alt=\"Charles Carson invit\u00e9 d'honneur au Gala des sommeliers de Paris\" width=\"300\" height=\"199\" srcset=\"https:\/\/www.charlescarson.com\/wp-content\/uploads\/2013\/11\/Charles-Carson-invit\u00e9-dhonneur-au-Gala-des-sommeliers-de-Paris-300x199.jpg 300w, https:\/\/www.charlescarson.com\/wp-content\/uploads\/2013\/11\/Charles-Carson-invit\u00e9-dhonneur-au-Gala-des-sommeliers-de-Paris-150x99.jpg 150w, https:\/\/www.charlescarson.com\/wp-content\/uploads\/2013\/11\/Charles-Carson-invit\u00e9-dhonneur-au-Gala-des-sommeliers-de-Paris-450x299.jpg 450w, https:\/\/www.charlescarson.com\/wp-content\/uploads\/2013\/11\/Charles-Carson-invit\u00e9-dhonneur-au-Gala-des-sommeliers-de-Paris-1024x681.jpg 1024w, https:\/\/www.charlescarson.com\/wp-content\/uploads\/2013\/11\/Charles-Carson-invit\u00e9-dhonneur-au-Gala-des-sommeliers-de-Paris-100x66.jpg 100w, https:\/\/www.charlescarson.com\/wp-content\/uploads\/2013\/11\/Charles-Carson-invit\u00e9-dhonneur-au-Gala-des-sommeliers-de-Paris.jpg 1209w\" sizes=\"auto, (max-width: 300px) 100vw, 300px\" \/><\/a><p id=\"caption-attachment-6091\" class=\"wp-caption-text\">Ma\u00eetre Charles Carson, invit\u00e9 d&rsquo;honneur<br \/>au Gala des \u00a0Sommeliers de Paris<\/p><\/div>\n<p>&nbsp;<\/p>\n<p><strong>GALA DES SOMMELIERS DE PARIS 2013<\/strong><\/p>\n<p>Soir\u00e9e de prestige en ce dimanche 13 octobre 2013 organis\u00e9e par l\u2019Association des Sommeliers Paris au \u00ab\u00a0Four Seasons Hotel\u00a0\u00bb \u00a0George V, Paris.\u00a0Une soir\u00e9e qui se renouvelle chaque ann\u00e9e et qui est un des plus beaux rendez-vous du monde du vin et de la sommellerie. Cette soir\u00e9e \u00e9tait\u00a0empreinte d\u2019un esprit particulier puisque Monsieur l\u2019Ambassadeur de l&rsquo;Am\u00e9rique du Sud ainsi que Monsieur Charles Carson, Ma\u00eetre en beaux-arts\u00a0du Canada, ont honor\u00e9 de leur pr\u00e9sence la soir\u00e9e de Gala.<\/p>\n<p style=\"text-align: left;\">Les grands noms du vin et du champagne \u00e9taient pr\u00e9sents, les vins furent dans leur majorit\u00e9 grandioses, le grand chef Eric Briffard, meilleur Ouvrier\u00a0de France a r\u00e9ussi l\u2019exploit de servir un repas impeccable sinon magnifique pour plus de 400 personnes sans une fausse note. Une ambiance amicale, \u00a0joyeuse et conviviale, un bon esprit, des personnes de talent motiv\u00e9es pour d\u00e9fendre le bon et le beau et une soir\u00e9e o\u00f9 tous les b\u00e9n\u00e9fices de la grande \u00a0vente aux ench\u00e8res iront aux Secours Populaire Fran\u00e7ais.<\/p>\n<p style=\"text-align: center;\"><strong>L&rsquo;Association des Sommeliers de Paris <\/strong><\/p>\n<p style=\"text-align: center;\"><strong>Remercient les Invit\u00e9s d&rsquo;honneur<\/strong><\/p>\n<p style=\"text-align: center;\">*****<\/p>\n<p style=\"text-align: center;\"><strong>Ambassadeur de L&rsquo;Afrique du Sud<\/strong><\/p>\n<p style=\"text-align: center;\"><a href=\"http:\/\/www.charlescarson.com\/wp-content\/uploads\/2013\/11\/00160_189.jpg\"><img loading=\"lazy\" decoding=\"async\" class=\"alignnone size-thumbnail wp-image-6088\" src=\"http:\/\/www.charlescarson.com\/wp-content\/uploads\/2013\/11\/00160_189-150x99.jpg\" alt=\"00160_189\" width=\"150\" height=\"99\" srcset=\"https:\/\/www.charlescarson.com\/wp-content\/uploads\/2013\/11\/00160_189-150x99.jpg 150w, https:\/\/www.charlescarson.com\/wp-content\/uploads\/2013\/11\/00160_189-450x299.jpg 450w, https:\/\/www.charlescarson.com\/wp-content\/uploads\/2013\/11\/00160_189-1024x681.jpg 1024w, https:\/\/www.charlescarson.com\/wp-content\/uploads\/2013\/11\/00160_189-100x66.jpg 100w, https:\/\/www.charlescarson.com\/wp-content\/uploads\/2013\/11\/00160_189-300x199.jpg 300w, https:\/\/www.charlescarson.com\/wp-content\/uploads\/2013\/11\/00160_189.jpg 1209w\" sizes=\"auto, (max-width: 150px) 100vw, 150px\" \/><\/a><\/p>\n<p style=\"text-align: center;\"><strong>Charles Carson, Ma\u00eetre en Beaux-Arts, Qu\u00e9bec, Canada<\/strong><\/p>\n<p><a href=\"http:\/\/www.charlescarson.com\/wp-content\/uploads\/2013\/11\/9-Four-SEASONS-George-V-Paris-Oeuvre-Charles-Carson-Carsonisme.jpg\"><img loading=\"lazy\" decoding=\"async\" class=\"alignnone size-thumbnail wp-image-6100\" src=\"http:\/\/www.charlescarson.com\/wp-content\/uploads\/2013\/11\/9-Four-SEASONS-George-V-Paris-Oeuvre-Charles-Carson-Carsonisme-150x99.jpg\" alt=\"Diner de l'ASP au George V\" width=\"150\" height=\"99\" srcset=\"https:\/\/www.charlescarson.com\/wp-content\/uploads\/2013\/11\/9-Four-SEASONS-George-V-Paris-Oeuvre-Charles-Carson-Carsonisme-150x99.jpg 150w, https:\/\/www.charlescarson.com\/wp-content\/uploads\/2013\/11\/9-Four-SEASONS-George-V-Paris-Oeuvre-Charles-Carson-Carsonisme-450x299.jpg 450w, https:\/\/www.charlescarson.com\/wp-content\/uploads\/2013\/11\/9-Four-SEASONS-George-V-Paris-Oeuvre-Charles-Carson-Carsonisme-1024x681.jpg 1024w, https:\/\/www.charlescarson.com\/wp-content\/uploads\/2013\/11\/9-Four-SEASONS-George-V-Paris-Oeuvre-Charles-Carson-Carsonisme-100x66.jpg 100w, https:\/\/www.charlescarson.com\/wp-content\/uploads\/2013\/11\/9-Four-SEASONS-George-V-Paris-Oeuvre-Charles-Carson-Carsonisme-300x199.jpg 300w\" sizes=\"auto, (max-width: 150px) 100vw, 150px\" \/><\/a><a href=\"http:\/\/www.charlescarson.com\/wp-content\/uploads\/2013\/11\/7-Charles-Carson-et-Philippe-Pares-S.jpg\"><img loading=\"lazy\" decoding=\"async\" class=\"alignnone size-thumbnail wp-image-6101\" src=\"http:\/\/www.charlescarson.com\/wp-content\/uploads\/2013\/11\/7-Charles-Carson-et-Philippe-Pares-S-150x99.jpg\" alt=\"Diner de l'ASP au George V. Paris, le 13 octobre 2013\" width=\"150\" height=\"99\" srcset=\"https:\/\/www.charlescarson.com\/wp-content\/uploads\/2013\/11\/7-Charles-Carson-et-Philippe-Pares-S-150x99.jpg 150w, https:\/\/www.charlescarson.com\/wp-content\/uploads\/2013\/11\/7-Charles-Carson-et-Philippe-Pares-S-450x299.jpg 450w, https:\/\/www.charlescarson.com\/wp-content\/uploads\/2013\/11\/7-Charles-Carson-et-Philippe-Pares-S-1024x680.jpg 1024w, https:\/\/www.charlescarson.com\/wp-content\/uploads\/2013\/11\/7-Charles-Carson-et-Philippe-Pares-S-100x66.jpg 100w, https:\/\/www.charlescarson.com\/wp-content\/uploads\/2013\/11\/7-Charles-Carson-et-Philippe-Pares-S-300x199.jpg 300w, https:\/\/www.charlescarson.com\/wp-content\/uploads\/2013\/11\/7-Charles-Carson-et-Philippe-Pares-S.jpg 1256w\" sizes=\"auto, (max-width: 150px) 100vw, 150px\" \/><\/a><a href=\"http:\/\/www.charlescarson.com\/wp-content\/uploads\/2013\/11\/00160_155.jpg\"><img loading=\"lazy\" decoding=\"async\" class=\"alignnone size-thumbnail wp-image-6102\" src=\"http:\/\/www.charlescarson.com\/wp-content\/uploads\/2013\/11\/00160_155-150x99.jpg\" alt=\"00160_155\" width=\"150\" height=\"99\" srcset=\"https:\/\/www.charlescarson.com\/wp-content\/uploads\/2013\/11\/00160_155-150x99.jpg 150w, https:\/\/www.charlescarson.com\/wp-content\/uploads\/2013\/11\/00160_155-450x299.jpg 450w, https:\/\/www.charlescarson.com\/wp-content\/uploads\/2013\/11\/00160_155-1024x681.jpg 1024w, https:\/\/www.charlescarson.com\/wp-content\/uploads\/2013\/11\/00160_155-100x66.jpg 100w, https:\/\/www.charlescarson.com\/wp-content\/uploads\/2013\/11\/00160_155-300x199.jpg 300w, https:\/\/www.charlescarson.com\/wp-content\/uploads\/2013\/11\/00160_155.jpg 1287w\" sizes=\"auto, (max-width: 150px) 100vw, 150px\" \/><\/a><a href=\"http:\/\/www.charlescarson.com\/wp-content\/uploads\/2013\/11\/11-Charles-Carson-Fabienne-Doukhan-Philippe-ParesFour-SEASONS-George-V-Paris-S.jpg\"><img loading=\"lazy\" decoding=\"async\" class=\"alignnone size-thumbnail wp-image-6103\" src=\"http:\/\/www.charlescarson.com\/wp-content\/uploads\/2013\/11\/11-Charles-Carson-Fabienne-Doukhan-Philippe-ParesFour-SEASONS-George-V-Paris-S-150x99.jpg\" alt=\"Diner de l'ASP au George V. Paris, le 13 octobre 2013\" width=\"150\" height=\"99\" srcset=\"https:\/\/www.charlescarson.com\/wp-content\/uploads\/2013\/11\/11-Charles-Carson-Fabienne-Doukhan-Philippe-ParesFour-SEASONS-George-V-Paris-S-150x99.jpg 150w, https:\/\/www.charlescarson.com\/wp-content\/uploads\/2013\/11\/11-Charles-Carson-Fabienne-Doukhan-Philippe-ParesFour-SEASONS-George-V-Paris-S-450x299.jpg 450w, https:\/\/www.charlescarson.com\/wp-content\/uploads\/2013\/11\/11-Charles-Carson-Fabienne-Doukhan-Philippe-ParesFour-SEASONS-George-V-Paris-S-1024x681.jpg 1024w, https:\/\/www.charlescarson.com\/wp-content\/uploads\/2013\/11\/11-Charles-Carson-Fabienne-Doukhan-Philippe-ParesFour-SEASONS-George-V-Paris-S-100x66.jpg 100w, https:\/\/www.charlescarson.com\/wp-content\/uploads\/2013\/11\/11-Charles-Carson-Fabienne-Doukhan-Philippe-ParesFour-SEASONS-George-V-Paris-S-300x199.jpg 300w, https:\/\/www.charlescarson.com\/wp-content\/uploads\/2013\/11\/11-Charles-Carson-Fabienne-Doukhan-Philippe-ParesFour-SEASONS-George-V-Paris-S.jpg 1195w\" sizes=\"auto, (max-width: 150px) 100vw, 150px\" \/><\/a><\/p>\n<p><a href=\"http:\/\/www.charlescarson.com\/wp-content\/uploads\/2013\/11\/3-Charles-Carson-Four-SEASONS-George-V-Paris.jpg\"><img loading=\"lazy\" decoding=\"async\" class=\"alignnone size-thumbnail wp-image-6104\" src=\"http:\/\/www.charlescarson.com\/wp-content\/uploads\/2013\/11\/3-Charles-Carson-Four-SEASONS-George-V-Paris-150x99.jpg\" alt=\"Diner de l'ASP au George V\" width=\"150\" height=\"99\" srcset=\"https:\/\/www.charlescarson.com\/wp-content\/uploads\/2013\/11\/3-Charles-Carson-Four-SEASONS-George-V-Paris-150x99.jpg 150w, https:\/\/www.charlescarson.com\/wp-content\/uploads\/2013\/11\/3-Charles-Carson-Four-SEASONS-George-V-Paris-450x299.jpg 450w, https:\/\/www.charlescarson.com\/wp-content\/uploads\/2013\/11\/3-Charles-Carson-Four-SEASONS-George-V-Paris-1024x681.jpg 1024w, https:\/\/www.charlescarson.com\/wp-content\/uploads\/2013\/11\/3-Charles-Carson-Four-SEASONS-George-V-Paris-100x66.jpg 100w, https:\/\/www.charlescarson.com\/wp-content\/uploads\/2013\/11\/3-Charles-Carson-Four-SEASONS-George-V-Paris-300x199.jpg 300w\" sizes=\"auto, (max-width: 150px) 100vw, 150px\" \/><\/a><img loading=\"lazy\" decoding=\"async\" class=\"alignnone size-thumbnail wp-image-6099\" src=\"http:\/\/www.charlescarson.com\/wp-content\/uploads\/2013\/11\/1-Les-Sommeliers-de-Paris-Champagne-TAITTINGER-Pierre-Emmanuel-Taittinger-President-S-150x99.jpg\" alt=\"Diner de l'ASP au George V. Paris, le 13 octobre 2013\" width=\"150\" height=\"99\" srcset=\"https:\/\/www.charlescarson.com\/wp-content\/uploads\/2013\/11\/1-Les-Sommeliers-de-Paris-Champagne-TAITTINGER-Pierre-Emmanuel-Taittinger-President-S-150x99.jpg 150w, https:\/\/www.charlescarson.com\/wp-content\/uploads\/2013\/11\/1-Les-Sommeliers-de-Paris-Champagne-TAITTINGER-Pierre-Emmanuel-Taittinger-President-S-450x299.jpg 450w, https:\/\/www.charlescarson.com\/wp-content\/uploads\/2013\/11\/1-Les-Sommeliers-de-Paris-Champagne-TAITTINGER-Pierre-Emmanuel-Taittinger-President-S-1024x680.jpg 1024w, https:\/\/www.charlescarson.com\/wp-content\/uploads\/2013\/11\/1-Les-Sommeliers-de-Paris-Champagne-TAITTINGER-Pierre-Emmanuel-Taittinger-President-S-100x66.jpg 100w, https:\/\/www.charlescarson.com\/wp-content\/uploads\/2013\/11\/1-Les-Sommeliers-de-Paris-Champagne-TAITTINGER-Pierre-Emmanuel-Taittinger-President-S-300x199.jpg 300w, https:\/\/www.charlescarson.com\/wp-content\/uploads\/2013\/11\/1-Les-Sommeliers-de-Paris-Champagne-TAITTINGER-Pierre-Emmanuel-Taittinger-President-S.jpg 1256w\" sizes=\"auto, (max-width: 150px) 100vw, 150px\" \/><a href=\"http:\/\/www.charlescarson.com\/wp-content\/uploads\/2013\/11\/00160_223.jpg\"><img loading=\"lazy\" decoding=\"async\" class=\"alignnone size-thumbnail wp-image-6108\" src=\"http:\/\/www.charlescarson.com\/wp-content\/uploads\/2013\/11\/00160_223-150x99.jpg\" alt=\"00160_223\" width=\"150\" height=\"99\" srcset=\"https:\/\/www.charlescarson.com\/wp-content\/uploads\/2013\/11\/00160_223-150x99.jpg 150w, https:\/\/www.charlescarson.com\/wp-content\/uploads\/2013\/11\/00160_223-450x299.jpg 450w, https:\/\/www.charlescarson.com\/wp-content\/uploads\/2013\/11\/00160_223-1024x681.jpg 1024w, https:\/\/www.charlescarson.com\/wp-content\/uploads\/2013\/11\/00160_223-100x66.jpg 100w, https:\/\/www.charlescarson.com\/wp-content\/uploads\/2013\/11\/00160_223-300x199.jpg 300w, https:\/\/www.charlescarson.com\/wp-content\/uploads\/2013\/11\/00160_223.jpg 1209w\" sizes=\"auto, (max-width: 150px) 100vw, 150px\" \/><\/a><img loading=\"lazy\" decoding=\"async\" class=\"alignnone size-thumbnail wp-image-6089 alignleft\" src=\"http:\/\/www.charlescarson.com\/wp-content\/uploads\/2013\/11\/5-Four-SEASONS-George-V-Paris-S-150x99.jpg\" alt=\"Diner de l'ASP au George V. Paris, le 13 octobre 2013\" width=\"150\" height=\"99\" srcset=\"https:\/\/www.charlescarson.com\/wp-content\/uploads\/2013\/11\/5-Four-SEASONS-George-V-Paris-S-150x99.jpg 150w, https:\/\/www.charlescarson.com\/wp-content\/uploads\/2013\/11\/5-Four-SEASONS-George-V-Paris-S-450x299.jpg 450w, https:\/\/www.charlescarson.com\/wp-content\/uploads\/2013\/11\/5-Four-SEASONS-George-V-Paris-S-1024x681.jpg 1024w, https:\/\/www.charlescarson.com\/wp-content\/uploads\/2013\/11\/5-Four-SEASONS-George-V-Paris-S-100x66.jpg 100w, https:\/\/www.charlescarson.com\/wp-content\/uploads\/2013\/11\/5-Four-SEASONS-George-V-Paris-S-300x199.jpg 300w, https:\/\/www.charlescarson.com\/wp-content\/uploads\/2013\/11\/5-Four-SEASONS-George-V-Paris-S.jpg 1628w\" sizes=\"auto, (max-width: 150px) 100vw, 150px\" \/><\/p>\n<p><strong>Discours de Charles Carson, invit\u00e9 d\u2019honneur au gala annuel de la sommellerie de Paris, tenu \u00e0 l\u2019Assembl\u00e9e nationale en ce 13 ieme de septembre 2013.<\/strong><\/p>\n<p><i>\u00ab\u00a0Bonsoir \u00e0 toutes et \u00e0 tous,<\/i><\/p>\n<p><i>Je tiens \u00e0 remercier tout d&rsquo;abord Monsieur Philippe Pares, ma\u00eetre d\u2019h\u00f4tel et sommelier \u00e0 l\u2019Assembl\u00e9e nationale,\u00a0qui a eu l\u2019amabilit\u00e9 de me convier\u00a0\u00e0 cet \u00e9v\u00e8nement prestigieux, me permettant ainsi d\u2019y apporter ma collaboration. Je tiens tout particuli\u00e8rement \u00e0 m\u2019associer \u00e0 votre gala annuel de la sommellerie de Paris et \u00e0 vos invit\u00e9s de marque.<\/i><\/p>\n<p><strong><i>Mes 35 ann\u00e9es de cr\u00e9ativit\u00e9 m\u2019ont permis de cr\u00e9er une forme d\u2019\u00e9criture picturale nouvelle &#8211; Mouvement intitul\u00e9 par de nombreux historiens de l\u2019art\u00a0: Le CARSONISME.<\/i><\/strong><\/p>\n<p><i>Je ne veux pas vous prendre un temps pr\u00e9cieux pour le d\u00e9finir. De nombreux textes ont d\u00e9j\u00e0 \u00e9t\u00e9 r\u00e9dig\u00e9s sur le sujet par des sp\u00e9cialistes, experts et historiens de l\u2019art. Ils reprennent et commentent les \u00e9l\u00e9ments essentiels de mon \u0153uvre\u00a0: \u00abLe \u00a0Mouvement Carsonisme\u00bb que je vous invite d\u2019ailleurs \u00e0 consulter sur le <\/i><a href=\"http:\/\/www.carsonisme.com\/\"><i>Web.<\/i><\/a><i><\/i><\/p>\n<p><i>Pour cr\u00e9er, disait MOZART, \u00ab\u00a0Il faut rester dans l&rsquo;id\u00e9e\u00a0\u00bb. Je crois que le visiteur en s\u2019arr\u00eatant quelques instants devant une de mes \u0153uvres aura pu d\u00e9celer que l\u2019id\u00e9e principale est issue de l\u2019esprit, qui est\u00a0n\u00e9e d\u2019une pens\u00e9e, d\u2019une \u00e9motion.<\/i><\/p>\n<p><i>Les sujets d\u2019interpr\u00e9tation de mon art sont multiples et originaux et ils ont tous des points en commun, la transparence et la juxtaposition limpide des couleurs. Mes \u0153uvres traduisent une histoire, une \u00e9motion particuli\u00e8re qui me touche et elle m\u2019est ensuite r\u00e9v\u00e9l\u00e9e par ma spatule ou mon pinceau&#8230;<\/i><\/p>\n<p><i>Une <strong>*gicl\u00e9e-graphie \u00e0 haut relief d\u2019une de mes cr\u00e9ations, en \u00e9dition limit\u00e9e de 35 exemplaires, intitul\u00e9e le Parc Tairona, sera mise en vente aux ench\u00e8res.<\/strong><br \/> <\/i><\/p>\n<p><i>Je terminerai \u2026 par ces paroles\u00a0: <\/i><\/p>\n<p><i><strong>\u00ab\u00a0Qui dit humanit\u00e9 \u2026 dit libert\u00e9, la libert\u00e9 d\u2019\u00eatre bon avec les autres. La libert\u00e9 d\u2019\u00eatre heureux et de pouvoir vivre dans la dignit\u00e9, un droit essentiel\u00a0pour tous les enfants du monde.\u00a0\u00bb<\/strong><\/i><\/p>\n<p><em>Je vous remercie du fond du c\u0153ur de votre pr\u00e9sence, je l\u00e8ve mon verre a votre sant\u00e9 aux amis (es), ainsi qu&rsquo;a tous c&rsquo;elle et ceux qui mon accompagn\u00e9 et qui m&rsquo;accompagne dans ma d\u00e9marche artistique.<\/em><\/p>\n<p><i>\u00a0je vous souhaite une excellente soir\u00e9e.\u00a0\u00bb<\/i><\/p>\n<p><strong>*Adjug\u00e9e \u00e0 5 000 Euros, cette Gicl\u00e9e-graphie \u00e0 haut relief, intitul\u00e9 \u00ab\u00a0Parc Tairona\u00a0\u00bb, a \u00e9t\u00e9 adjug\u00e9e \u00e0 Monsieur Pierre-Emmanuel Taittinger, pr\u00e9sident du Champagne TAITTINGER. Les fonds iront aux Secours Populaire Fran\u00e7ais..<\/strong><\/p>\n<p style=\"text-align: center;\"><b>Les Partenaires \u00a0\u00ab\u00a0Champagnes\u00a0\u00bb<\/b><\/p>\n<p style=\"text-align: center;\">AYALA, BILLECART-SALMON, BOLLINGER, CHARLES-HEIDSIECK, DEUTZ, DELAMOTTE, DUVAL-LEROY, KRUG, LANSON, LAURENT-PERRIER, MOET-CHANDON, MUMM, PERRIER-JOUET, POL-ROGER, POMMERY, PHILIPPONNAT, RUINART, ROEDERER, TAITTINGER, VEUVE CLICQUOT.<\/p>\n<p style=\"text-align: center;\"><b>Les Partenaires \u00ab\u00a0Privil\u00e9gi\u00e9s\u00a0\u00bb<\/b><\/p>\n<p style=\"text-align: center;\">CHATEAU PEYRAT-FOURTHON, EFFITIC, FORCE IV, GUY VIALIS CREATION, LES ELEVES DU CORDON BLEU, LA VINICOLE FRANCAISE, NESTLE-WATERS, SOBOVI, UNION DES GRANDS CRUS DE BORDEAUX, ET LA VERRERIE RIEDEL.<\/p>\n<p style=\"text-align: center;\"><b>Les Partenaires du d\u00eener<\/b><\/p>\n<p style=\"text-align: center;\">CHAMPAGNE TAITTINGER, HERMITAGE DOMAINE J.L CHAVE, MADEIRA SERCIAL D&rsquo;OLIVEIRAS, SAINT-EMILION CHATEAU FIGEAC, SAINT-EMILION CHATEAU CHEVAL BLANC, SANCERRE DOMAINE F. COTAT, VIN DE CONSTANCE KLEIN CONSTANTIA, PORT QUINTA DO NOVAL, CALVADOS CAMUS, PERRIER, SAN PELLEGRINO, VITTEL.<\/p>\n<p style=\"text-align: center;\">Photographe : <b>Gr\u00e9gory Pigot<\/b><\/p>\n<p style=\"text-align: center;\">ALBUM PHOTOS:\u00a0<a href=\"https:\/\/plus.google.com\/photos\/105127049225527268058\/albums\/5934955985238230465?banner=pwa&amp;authkey=CP3q--bqyMuXrAE\">https:\/\/plus.google.com\/photos\/105127049225527268058\/albums\/5934955985238230465?banner=pwa&amp;authkey=CP3q&#8211;bqyMuXrAE<\/a><\/p>\n<p style=\"text-align: center;\">______________________________________________________________________________________<\/p>\n<p><strong><a href=\"http:\/\/www.charlescarson.com\/wp-content\/uploads\/2013\/11\/Louis-Lef\u00e8vre.jpg\"><img loading=\"lazy\" decoding=\"async\" class=\"size-thumbnail wp-image-6081 alignleft\" style=\"margin-right: 5px; margin-left: 5px;\" src=\"http:\/\/www.charlescarson.com\/wp-content\/uploads\/2013\/11\/Louis-Lef\u00e8vre-121x150.jpg\" alt=\"Louis Lef\u00e8vre\" width=\"121\" height=\"150\" srcset=\"https:\/\/www.charlescarson.com\/wp-content\/uploads\/2013\/11\/Louis-Lef\u00e8vre-121x150.jpg 121w, https:\/\/www.charlescarson.com\/wp-content\/uploads\/2013\/11\/Louis-Lef\u00e8vre-364x450.jpg 364w, https:\/\/www.charlescarson.com\/wp-content\/uploads\/2013\/11\/Louis-Lef\u00e8vre-80x100.jpg 80w, https:\/\/www.charlescarson.com\/wp-content\/uploads\/2013\/11\/Louis-Lef\u00e8vre-300x370.jpg 300w, https:\/\/www.charlescarson.com\/wp-content\/uploads\/2013\/11\/Louis-Lef\u00e8vre.jpg 517w\" sizes=\"auto, (max-width: 121px) 100vw, 121px\" \/><\/a>Journal, LA PRESSE<br \/> Premier quotidien de la France Lib\u00e9r\u00e9e<br \/> <\/strong><\/p>\n<p style=\"text-align: left;\"><strong>A la rencontre de Charles CARSON et du carsonisme.<\/strong><\/p>\n<p style=\"text-align: left;\"><strong>Louis Lef\u00e8vre, journaliste et critique d&rsquo;art<\/strong><\/p>\n<p>\u00abLe Canada est une v\u00e9ritable p\u00e9pini\u00e8re de talents artistiques. Lorsque l\u2019on \u00e9voque nos cousins d\u2019outre Atlantique ou du Qu\u00e9bec, on pense aux Garou, C\u00e9line Dion, Gilles Vigneault. Autant de noms qui \u00e9voquent autant de chansons \u00e0 succ\u00e8s. Cependant le monde de la culture canadienne ne se r\u00e9sume pas \u00e0 la musique. L\u2019art c\u2019est aussi la peinture. Et dans ce domaine, il en est un qui n\u2019a rien \u00e0 envier \u00e0 tous ces chanteurs, car son talent est au diapason : le peintre Charles Carson.<\/p>\n<p>Chez Charles Carson, sa partition \u00e0 lui c\u2019est une palette toute en nuances. Ses notes, il les joue et les chante avec ses pinceaux, dans un formidable feu d\u2019artifice de couleurs toutes plus \u00e9clatantes les unes que les autres. Cela donne des tableaux qui ne laissent personne indiff\u00e9rent. Sans aucun doute c\u2019est ce que l\u2019on appelle le talent. Son \u0153uvre, si elle n\u2019est pas encore connue chez nous autant qu\u2019elle le m\u00e9rite, est d\u00e9j\u00e0 reconnue partout ailleurs. Au point que cette \u0153uvre n\u2019appartient plus tout a fait \u00e0 l\u2019artiste. En rejoignant dans la notori\u00e9t\u00e9 celle des plus grands peintres d\u2019hier, elle entre dans le patrimoine universel d\u2019aujourd\u2019hui. Et pr\u00e9pare celui de demain.\u00bb<\/p>\n<p>\u00abLes toiles de Charles Carson attirent ind\u00e9niablement le regard. Mais attention, ce ne sont surtout pas les \u0153uvres d\u2019un seul regard. Toutes autant qu\u2019elles sont, ces toiles m\u00e9ritent, un deuxi\u00e8me, un troisi\u00e8me\u2026 un \u00e9ni\u00e8me regard. Approfondie de pr\u00e9f\u00e9rence.<\/p>\n<p>Et l\u00e0, on va de d\u00e9couverte en d\u00e9couverte. La premi\u00e8re impression qui emm\u00e8ne le plus souvent le profane \u00e0 voir dans toute cette peinture de l\u2019abstraction et encore de l\u2019abstraction s\u2019\u00e9vanouit peu \u00e0 peu. La d\u00e9mat\u00e9rialisation de la nature qui a servi de moyen d\u2019expression \u00e0 l\u2019artiste recompose peu \u00e0 peu le sujet.<\/p>\n<p>Au milieu de toutes ces couleurs qui \u00e9clatent dans chaque tableau appara\u00eet alors une multitude de sujets qui font la richesse et la force de l\u2019\u0153uvre. C\u2019est pour le spectateur un nouvel \u00e9clairage qui se fait jour.<\/p>\n<p>C\u2019est pour lui le d\u00e9but d\u2019une communion avec ce que le critique d\u2019art et fondateur du mus\u00e9e d\u2019art moderne de Montr\u00e9al Guy Robert a appel\u00e9 le Carsonisme. Une nouvelle \u00e9criture picturale. Une \u00e9criture qui va chercher dans le dictionnaire de la nature son inspiration pour en faire une f\u00eate permanente du beau et de la couleur.<\/p>\n<p>A force de recherche et de travail, apr\u00e8s 30 ans devant ses chevalets, avec l\u2019inspiration et l\u2019obstination pour seuls t\u00e9moins, Charles Carson a b\u00e2ti une \u0153uvre unique en son genre. Une \u0153uvre forte et belle.<\/p>\n<p>Avec un style \u00f4 combien ma\u00eetris\u00e9 qui n\u2019appartient qu\u2019\u00e0 l\u2019artiste. Pour aboutir \u00e0 une peinture diff\u00e9rente. Une peinture \u00e9clatante de force et de luminosit\u00e9.<\/p>\n<p>L&rsquo;oeuvre d\u2019un g\u00e9nie qu\u2019il ne faut pas avoir peur d\u2019installer dans le cercle tr\u00e8s ferm\u00e9 des grands, tr\u00e8s grands artistes, qui marquent de mani\u00e8re ind\u00e9l\u00e9bile leur passage dans le monde de l\u2019art et des arts. \u00bb<\/p>\n","protected":false},"excerpt":{"rendered":"<p><b>JOURNAL LE PARISIEN &#8211; \u00a0<\/b><strong>Plus d&rsquo;un million de lecteur<\/strong>\u00a0&#8211;\u00a0<b>21 Octobre 2013<\/b><\/p>\n<p><b>Le peintre des couleurs a trouv\u00e9 son refuge<\/b><\/p>\n<p><b>Florence HUBIN<\/b><\/p>\n<p>L&rsquo;artiste canadien Charles Carson pose un pied en France.\u00a0Courbevoie, rue de Belfort, vendredi 11 octobre. Charles Carson, peintre canadien, a ouvert un atelier-galerie \u00e0 deux pas de la D\u00e9fense.<\/p>\n<p>Dans son atelier-galerie, \u00e0 quelques minutes \u00e0 pied des tours de bureaux de La D\u00e9fense. Charles Carson veut faire d\u00e9couvrir aux amateurs, initi\u00e9s ou non, ses oeuvres multicolores, lui qui est consid\u00e9r\u00e9 comme une figure montante de la peinture canadienne. Apr\u00e8s trente-cinq ans de cr\u00e9ation et des expositions dans le monde entier, l&rsquo;artiste s&rsquo;est pos\u00e9 un mois et demi dans son nouvel atelier de Courbevoie, qu&rsquo;il quittera demain pour plusieurs mois.<\/p>\n<div align=\"right\"><a href=\"https:\/\/charlescarson.com\/?p=6052&#038;catID=\" class=\"read-more\">Voir article complet&#8230;<\/a><\/div>\n","protected":false},"author":2,"featured_media":7365,"comment_status":"closed","ping_status":"closed","sticky":false,"template":"","format":"standard","meta":{"footnotes":""},"categories":[27,2,26,1],"tags":[32],"class_list":["post-6052","post","type-post","status-publish","format-standard","has-post-thumbnail","hentry","category-journaux","category-note-biographique","category-prix_mentions","category-uncategorized","tag-paris"],"_links":{"self":[{"href":"https:\/\/charlescarson.com\/index.php?rest_route=\/wp\/v2\/posts\/6052","targetHints":{"allow":["GET"]}}],"collection":[{"href":"https:\/\/charlescarson.com\/index.php?rest_route=\/wp\/v2\/posts"}],"about":[{"href":"https:\/\/charlescarson.com\/index.php?rest_route=\/wp\/v2\/types\/post"}],"author":[{"embeddable":true,"href":"https:\/\/charlescarson.com\/index.php?rest_route=\/wp\/v2\/users\/2"}],"replies":[{"embeddable":true,"href":"https:\/\/charlescarson.com\/index.php?rest_route=%2Fwp%2Fv2%2Fcomments&post=6052"}],"version-history":[{"count":70,"href":"https:\/\/charlescarson.com\/index.php?rest_route=\/wp\/v2\/posts\/6052\/revisions"}],"predecessor-version":[{"id":6057,"href":"https:\/\/charlescarson.com\/index.php?rest_route=\/wp\/v2\/posts\/6052\/revisions\/6057"}],"wp:featuredmedia":[{"embeddable":true,"href":"https:\/\/charlescarson.com\/index.php?rest_route=\/wp\/v2\/media\/7365"}],"wp:attachment":[{"href":"https:\/\/charlescarson.com\/index.php?rest_route=%2Fwp%2Fv2%2Fmedia&parent=6052"}],"wp:term":[{"taxonomy":"category","embeddable":true,"href":"https:\/\/charlescarson.com\/index.php?rest_route=%2Fwp%2Fv2%2Fcategories&post=6052"},{"taxonomy":"post_tag","embeddable":true,"href":"https:\/\/charlescarson.com\/index.php?rest_route=%2Fwp%2Fv2%2Ftags&post=6052"}],"curies":[{"name":"wp","href":"https:\/\/api.w.org\/{rel}","templated":true}]}}