{"id":5162,"date":"2011-12-08T11:38:39","date_gmt":"2011-12-08T11:38:39","guid":{"rendered":"http:\/\/www.charlescarson.com\/?p=5162"},"modified":"2014-07-02T17:11:15","modified_gmt":"2014-07-02T17:11:15","slug":"prix-international-dart-vincent-van-gogh-2011","status":"publish","type":"post","link":"https:\/\/charlescarson.com\/?p=5162","title":{"rendered":"Prix International d\u2019Art \u00ab\u00a0Vincent Van Gogh\u00a0\u00bb 2011"},"content":{"rendered":"<p><a href=\"http:\/\/www.charlescarson.com\/wp-content\/uploads\/2013\/06\/Prix-Vincent-Van-Gogh-Charles-Carson-10-d\u00e9cembre-2011.jpg\"><img loading=\"lazy\" decoding=\"async\" class=\"size-medium wp-image-5163 alignleft\" style=\"margin: 7px 10px;\" src=\"http:\/\/www.charlescarson.com\/wp-content\/uploads\/2013\/06\/Prix-Vincent-Van-Gogh-Charles-Carson-10-d\u00e9cembre-2011-300x253.jpg\" alt=\"Prix Vincent Van Gogh - Charles Carson 10 d\u00e9cembre 2011\" width=\"300\" height=\"253\" srcset=\"https:\/\/www.charlescarson.com\/wp-content\/uploads\/2013\/06\/Prix-Vincent-Van-Gogh-Charles-Carson-10-d\u00e9cembre-2011-300x253.jpg 300w, https:\/\/www.charlescarson.com\/wp-content\/uploads\/2013\/06\/Prix-Vincent-Van-Gogh-Charles-Carson-10-d\u00e9cembre-2011-150x126.jpg 150w, https:\/\/www.charlescarson.com\/wp-content\/uploads\/2013\/06\/Prix-Vincent-Van-Gogh-Charles-Carson-10-d\u00e9cembre-2011-450x380.jpg 450w, https:\/\/www.charlescarson.com\/wp-content\/uploads\/2013\/06\/Prix-Vincent-Van-Gogh-Charles-Carson-10-d\u00e9cembre-2011-1024x864.jpg 1024w, https:\/\/www.charlescarson.com\/wp-content\/uploads\/2013\/06\/Prix-Vincent-Van-Gogh-Charles-Carson-10-d\u00e9cembre-2011-100x84.jpg 100w\" sizes=\"auto, (max-width: 300px) 100vw, 300px\" \/><\/a>L&rsquo;Italie Rend Hommage \u00e0 Ma\u00eetre Charles CARSON<\/p>\n<p>SALENTO PORTA D&rsquo;ORIENTE \u2013 XII Edition<\/p>\n<p>Prix International d\u2019Art Vincent Van Gogh 2011<\/p>\n<p>Prix des Droits de l\u2019Homme 2011<\/p>\n<p>Generale Giuseppe Garibaldi<\/p>\n<p>Le plasticien canadien Charles Carson a re\u00e7u un double prix de reconnaissance en Italie, pour son implication dans le monde de la peinture.<\/p>\n<p>Le Prix \u00abVincent Van Gogh\u00bb et le Prix sp\u00e9cial \u00abG\u00e9n\u00e9rale Giuseppe Garibaldi\u00bb d\u00e9cern\u00e9s aux personnalit\u00e9s des arts, des sciences et de la culture.<\/p>\n<p>C&rsquo;est le 12 d\u00e9cembre dernier (2011), lors d\u2019une c\u00e9r\u00e9monie organis\u00e9e par l\u2019association \u00abItalia in Arte\u00bb dans la ville de Lecce (sud de l\u2019Italie) que le laur\u00e9at canadien a \u00e9t\u00e9 honor\u00e9 \u00abVos comp\u00e9tences artistiques ont \u00e9t\u00e9 reconnues par l\u2019\u00e9quipe de r\u00e9daction \u00e9ditoriale de notre Association et par plusieurs experts en Arts qui ont aussi tenu compte de votre renomm\u00e9e au niveau international et de votre engagement culturel par lequel une autre page d\u2019histoire de l\u2019Art Moderne Mondial pourra \u00eatre \u00e9crite\u00bb a indiqu\u00e9 le jury italien dans sa remise de prix lors de cette c\u00e9r\u00e9monie.<\/p>\n<p>Votre parcours et votre d\u00e9marche artistique nous permettent de vous nommer laur\u00e9at de ce Prix\u00bb \u00abC\u2019est pour la r\u00e9alisation de votre \u0153uvre exceptionnelle, ax\u00e9e sur la cr\u00e9ation d\u2019un nouvel isme, le \u00ab\u00a0Carsonisme\u00a0\u00bb<\/p>\n<p>Les deux Prix ont \u00e9t\u00e9 remis \u00e0 Ma\u00eetre Charles Carson, le samedi 10 d\u00e9cembre 2011, lors du Grand Gala de la XIIe Edition \u00ab\u00a0Italia in Arte\u00a0\u00bb en Italie et remis par les autorit\u00e9s qui composent le Comit\u00e9 d&rsquo;Honneur.<\/p>\n<p><iframe loading=\"lazy\" title=\"Premio Vincent Van Gogh - Italia \/ Maestro Charles CARSON  Canadian Artist - &quot;Creator of carsonism&quot;\" width=\"584\" height=\"329\" src=\"https:\/\/www.youtube.com\/embed\/qzU8ePzkpNk?feature=oembed\" frameborder=\"0\" allow=\"accelerometer; autoplay; clipboard-write; encrypted-media; gyroscope; picture-in-picture; web-share\" referrerpolicy=\"strict-origin-when-cross-origin\" allowfullscreen><\/iframe><\/p>\n<p>&nbsp;<\/p>\n","protected":false},"excerpt":{"rendered":"<p>L&rsquo;Italie Rend Hommage \u00e0 Ma\u00eetre Charles CARSON<\/p>\n<p>SALENTO PORTA D&rsquo;ORIENTE \u2013 XII Edition<\/p>\n<p>Prix International d\u2019Art Vincent Van Gogh 2011<\/p>\n<p>Ma\u00eetre Charles Carson se m\u00e9rite le Prix Vincent Van Gogh.<\/p>\n<p>Un double laur\u00e9at, \u00a0pour le ma\u00eetre en beaux-arts, Charles Carson qui s&rsquo;est vu d\u00e9cerner le prestigieux Prix Vincent Van Gogh et le Prix du G\u00e9n\u00e9rale Guiseppe Garibaldi en Italie.<\/p>\n<p>Une Haute Reconnaissance unique dans le domaine des Arts Visuels remis \u00e0 Ma\u00eetre Charles Carson, pour sa cr\u00e9ativit\u00e9 exceptionnelle le \u00ab\u00a0Carsonisme\u00a0\u00bb &amp; Mosa\u00efque qui restera dans les annales de l&rsquo;Histoire de l&rsquo;Art.<\/p>\n<p>Les deux Prix ont \u00e9t\u00e9 remis \u00e0 Ma\u00eetre Charles Carson, le samedi 10 d\u00e9cembre 2011, lors du Grand Gala de la XIIe Edition \u00ab\u00a0Italia in Arte\u00a0\u00bb en Italie et remis par les autorit\u00e9s qui composent le Comit\u00e9 d&rsquo;Honneur.<\/p>\n<p>Prix \u00ab\u00a0Vincent Van Gogh\u00a0\u00bb et le Prix Sp\u00e9cial Droit de l&rsquo;Homme, G\u00e9n\u00e9rale \u00ab\u00a0Giuseppe Garibaldi\u00a0\u00bb.<\/p>\n<div align=\"right\"><a href=\"https:\/\/charlescarson.com\/?p=5162&#038;catID=\" class=\"read-more\">Voir article complet&#8230;<\/a><\/div>\n","protected":false},"author":2,"featured_media":7364,"comment_status":"closed","ping_status":"closed","sticky":false,"template":"","format":"standard","meta":{"footnotes":""},"categories":[26],"tags":[],"class_list":["post-5162","post","type-post","status-publish","format-standard","has-post-thumbnail","hentry","category-prix_mentions"],"_links":{"self":[{"href":"https:\/\/charlescarson.com\/index.php?rest_route=\/wp\/v2\/posts\/5162","targetHints":{"allow":["GET"]}}],"collection":[{"href":"https:\/\/charlescarson.com\/index.php?rest_route=\/wp\/v2\/posts"}],"about":[{"href":"https:\/\/charlescarson.com\/index.php?rest_route=\/wp\/v2\/types\/post"}],"author":[{"embeddable":true,"href":"https:\/\/charlescarson.com\/index.php?rest_route=\/wp\/v2\/users\/2"}],"replies":[{"embeddable":true,"href":"https:\/\/charlescarson.com\/index.php?rest_route=%2Fwp%2Fv2%2Fcomments&post=5162"}],"version-history":[{"count":5,"href":"https:\/\/charlescarson.com\/index.php?rest_route=\/wp\/v2\/posts\/5162\/revisions"}],"predecessor-version":[{"id":7374,"href":"https:\/\/charlescarson.com\/index.php?rest_route=\/wp\/v2\/posts\/5162\/revisions\/7374"}],"wp:featuredmedia":[{"embeddable":true,"href":"https:\/\/charlescarson.com\/index.php?rest_route=\/wp\/v2\/media\/7364"}],"wp:attachment":[{"href":"https:\/\/charlescarson.com\/index.php?rest_route=%2Fwp%2Fv2%2Fmedia&parent=5162"}],"wp:term":[{"taxonomy":"category","embeddable":true,"href":"https:\/\/charlescarson.com\/index.php?rest_route=%2Fwp%2Fv2%2Fcategories&post=5162"},{"taxonomy":"post_tag","embeddable":true,"href":"https:\/\/charlescarson.com\/index.php?rest_route=%2Fwp%2Fv2%2Ftags&post=5162"}],"curies":[{"name":"wp","href":"https:\/\/api.w.org\/{rel}","templated":true}]}}