{"id":3383,"date":"2009-12-15T14:49:15","date_gmt":"2013-03-28T14:49:15","guid":{"rendered":"http:\/\/www.charlescarson.com\/?p=3383"},"modified":"2013-06-12T17:33:07","modified_gmt":"2013-06-12T17:33:07","slug":"italia-in-arte-premio-leonardo-da-vinci-2009-6","status":"publish","type":"post","link":"https:\/\/charlescarson.com\/?p=3383","title":{"rendered":"Premio \u00a0\u00bbLEONARDO DA VINCI\u00a0\u00bb 2009"},"content":{"rendered":"<p>&nbsp;<\/p>\n<div id=\"attachment_5448\" style=\"width: 310px\" class=\"wp-caption alignleft\"><a href=\"http:\/\/www.charlescarson.com\/wp-content\/uploads\/2009\/12\/Charles-Carson-Premio-Leonardo-da-Vinci.jpg\"><img loading=\"lazy\" decoding=\"async\" aria-describedby=\"caption-attachment-5448\" class=\"size-medium wp-image-5448 \" alt=\"Charles Carson-Premio Leonardo da Vinci\" src=\"http:\/\/www.charlescarson.com\/wp-content\/uploads\/2009\/12\/Charles-Carson-Premio-Leonardo-da-Vinci-300x218.jpg\" width=\"300\" height=\"218\" srcset=\"https:\/\/www.charlescarson.com\/wp-content\/uploads\/2009\/12\/Charles-Carson-Premio-Leonardo-da-Vinci-300x218.jpg 300w, https:\/\/www.charlescarson.com\/wp-content\/uploads\/2009\/12\/Charles-Carson-Premio-Leonardo-da-Vinci-150x109.jpg 150w, https:\/\/www.charlescarson.com\/wp-content\/uploads\/2009\/12\/Charles-Carson-Premio-Leonardo-da-Vinci-450x327.jpg 450w, https:\/\/www.charlescarson.com\/wp-content\/uploads\/2009\/12\/Charles-Carson-Premio-Leonardo-da-Vinci-1024x744.jpg 1024w, https:\/\/www.charlescarson.com\/wp-content\/uploads\/2009\/12\/Charles-Carson-Premio-Leonardo-da-Vinci-100x72.jpg 100w, https:\/\/www.charlescarson.com\/wp-content\/uploads\/2009\/12\/Charles-Carson-Premio-Leonardo-da-Vinci.jpg 1737w\" sizes=\"auto, (max-width: 300px) 100vw, 300px\" \/><\/a><p id=\"caption-attachment-5448\" class=\"wp-caption-text\">Premio \u00bbLEONARDO DA VINCI \u00bb 2009<\/p><\/div>\n<p><strong>Prix \u00abLEONARDO DA VINCI 2009 \/ MARTIN LUTHER KING \u00bb<\/strong><\/p>\n<p>\u00a0\u00bbItalia in Arte\u00a0\u00bb<\/p>\n<p>Ma\u00eetre Charles Carson, mba<\/p>\n<p>Le plasticien canadien Charles Carson a re\u00e7u un double prix de reconnaissance en Italie, pour son implication dans le monde de la peinture. Le Prix \u00abLeonardo da Vinci 2009\u00bb et le Prix sp\u00e9cial \u00abThe Martin Luther King Human Rights Award 2009\u00bb d\u00e9cern\u00e9s aux personnalit\u00e9s des arts, des sciences et de la culture.<\/p>\n<div id=\"attachment_5451\" style=\"width: 310px\" class=\"wp-caption alignright\"><a href=\"http:\/\/www.charlescarson.com\/wp-content\/uploads\/2009\/12\/Charles-Carson-Premio-Leonardo-da-Vinci-ok-copyright.jpg\"><img loading=\"lazy\" decoding=\"async\" aria-describedby=\"caption-attachment-5451\" class=\"size-medium wp-image-5451    \" alt=\"Charles Carson-Premio Leonardo da Vinci - ok copyright\" src=\"http:\/\/www.charlescarson.com\/wp-content\/uploads\/2009\/12\/Charles-Carson-Premio-Leonardo-da-Vinci-ok-copyright-300x219.jpg\" width=\"300\" height=\"219\" srcset=\"https:\/\/www.charlescarson.com\/wp-content\/uploads\/2009\/12\/Charles-Carson-Premio-Leonardo-da-Vinci-ok-copyright-300x219.jpg 300w, https:\/\/www.charlescarson.com\/wp-content\/uploads\/2009\/12\/Charles-Carson-Premio-Leonardo-da-Vinci-ok-copyright-150x109.jpg 150w, https:\/\/www.charlescarson.com\/wp-content\/uploads\/2009\/12\/Charles-Carson-Premio-Leonardo-da-Vinci-ok-copyright-450x329.jpg 450w, https:\/\/www.charlescarson.com\/wp-content\/uploads\/2009\/12\/Charles-Carson-Premio-Leonardo-da-Vinci-ok-copyright-1024x750.jpg 1024w, https:\/\/www.charlescarson.com\/wp-content\/uploads\/2009\/12\/Charles-Carson-Premio-Leonardo-da-Vinci-ok-copyright-100x73.jpg 100w\" sizes=\"auto, (max-width: 300px) 100vw, 300px\" \/><\/a><p id=\"caption-attachment-5451\" class=\"wp-caption-text\">Ma\u00eetre Carson, re\u00e7oit le prix<br \/>\u00abLEONARDO DA VINCI \u00bb 2009<\/p><\/div>\n<p>C&rsquo;est le 12 d\u00e9cembre dernier, lors d\u2019une c\u00e9r\u00e9monie organis\u00e9e par l\u2019association \u00abItalia in Arte\u00bb dans la ville de Lecce (sud de l\u2019Italie) que le laur\u00e9at canadien a \u00e9t\u00e9 honor\u00e9 \u00abVos comp\u00e9tences artistiques ont \u00e9t\u00e9 reconnues par l\u2019\u00e9quipe de r\u00e9daction \u00e9ditoriale de notre Association et par plusieurs experts en Arts qui ont aussi tenu compte des publications nationales et internationales, dans des magazines sp\u00e9cialis\u00e9s, dans lesquelles vous \u00eates publi\u00e9 et reconnu; votre parcours et votre d\u00e9marche artistique nous permettent de vous nommer laur\u00e9at de ce Prix\u00bb \u00abC\u2019est pour la promotion de son \u0153uvre exceptionnelle, ax\u00e9e sur la cr\u00e9ation d\u2019un nouvel isme, le \u2018\u2019Carsonisme\u2019\u2019 au niveau international et pour son engagement culturel par lequel une autre page d\u2019histoire de l\u2019Art Moderne Mondial pourra \u00eatre \u00e9crite\u00bb a indiqu\u00e9 le jury italien dans sa remise de prix lors de cette c\u00e9r\u00e9monie.<\/p>\n<div id=\"attachment_5456\" style=\"width: 219px\" class=\"wp-caption alignleft\"><a href=\"http:\/\/www.charlescarson.com\/wp-content\/uploads\/2009\/12\/Carson-Premio-Martin-Luther-King-2009-copyright.jpg\"><img loading=\"lazy\" decoding=\"async\" aria-describedby=\"caption-attachment-5456\" class=\"size-medium wp-image-5456 \" alt=\"Premio \u2013 MARTIN LUTHER KING 2009 \" src=\"http:\/\/www.charlescarson.com\/wp-content\/uploads\/2009\/12\/Carson-Premio-Martin-Luther-King-2009-copyright-209x300.jpg\" width=\"209\" height=\"300\" \/><\/a><p id=\"caption-attachment-5456\" class=\"wp-caption-text\">Premio \u2013 MARTIN LUTHER KING 2009<\/p><\/div>\n<p>La remise des prix a eu lieu au cours de la soir\u00e9e de Gala du samedi, emp\u00each\u00e9 par ses obligations professionnelles Charles Carson n&rsquo;a pu se rendre en Italie pour recevoir son prix et distinctions. Il tient toutefois \u00e0 remercier l&rsquo;Association \u00a0\u00bbItalia in Arte\u00a0\u00bb de l&rsquo;avoir honor\u00e9 lors de cet \u00e9v\u00e9nement.<\/p>\n<p>Dans le d\u00e9roulement de la soir\u00e9e des pr\u00e9cisions ont \u00e9t\u00e9 apport\u00e9es sur le Prix Sp\u00e9cial Martin Luther King en ces termes : Comme vous savez s\u00fbrement, nous c\u00e9l\u00e9brons cette ann\u00e9e la Sixi\u00e8me D\u00e9cennie de la Charte des Droits de l\u2019Homme enregistr\u00e9e \u00e0 New York en 1948; Le Prix des Droits de l\u2019Homme repr\u00e9sente une particularit\u00e9 essentielle et institutionnelle pour notre Association. Nous avons donc d\u00e9cid\u00e9 de combiner les deux sujets parce que nous croyons que les artistes, par leur engagement intellectuel et culturel, peuvent promouvoir la diffusion de l\u2019art, le d\u00e9veloppement social et par dessus tout l&rsquo;accomplissement des libert\u00e9s individuelles pour les citoyens du monde entier. Le Prix des Droits de l\u2019Homme \u00abLe Prix Martin Luther King\u00bb, a \u00e9t\u00e9 remis \u00e0 des candidats s\u00e9lectionn\u00e9s dont Charles Carson fait partie. L\u2019artiste a re\u00e7u ce prix afin de l\u2019inciter \u00e0 poursuivre, par ses r\u00e9alisations artistiques, les id\u00e9aux de vie les plus \u00e9lev\u00e9s \u00e0 l\u2019\u00e9chelle internationale.<a href=\"http:\/\/www.charlescarson.com\/wp-content\/uploads\/2009\/12\/Carson-Premio-Honorario-2010-copyright.jpg\"><img loading=\"lazy\" decoding=\"async\" class=\"size-medium wp-image-5460 alignright\" alt=\"Carson - Premio Honorario 2010 copyright\" src=\"http:\/\/www.charlescarson.com\/wp-content\/uploads\/2009\/12\/Carson-Premio-Honorario-2010-copyright-210x300.jpg\" width=\"210\" height=\"300\" \/><\/a><\/p>\n<p>Pour information la conf\u00e9rence portait sur les questions suivantes :\u00a0Qui \u00e9tait vraiment L\u00e9onard de Vinci ? Qui \u00e9taient les femmes d\u00e9peintes dans la c\u00e9l\u00e8bre \u00abJoconde\u00bb? qui \u00e9tait le mod\u00e8le du portrait de 1513 ? Serait-il possible que le visage de L\u00e9onard soit imprim\u00e9 sur le Saint Linceul ? Les discours des scientifiques, des professeurs et des chercheurs, expliquant les th\u00e9ories existantes sur \u00ab le vrai visage de L\u00e9onard de Vinci\u00bb, ont trait\u00e9 du sujet avant l&rsquo;\u00e9v\u00e9nement.<\/p>\n<p>C&rsquo;est un titre \u00e9troitement li\u00e9 aux valeurs morales et culturelles qui, nous l\u2019esp\u00e9rons, aideront le r\u00e9cipiendaire, \u00e0 enrichir son Curriculum vitae artistique et professionnel.\u00a0Des personnalit\u00e9s mondialement connu ont particip\u00e9 \u00e0 la remise de prix \u00e0 titre d\u2019invit\u00e9s d&rsquo;honneur aussi bien que des repr\u00e9sentants de l\u2019autorit\u00e9 religieuse, civile et militaire.\u00a0<em id=\"__mceDel\">Un c\u00e9l\u00e8bre critique d&rsquo;art de t\u00e9l\u00e9vision, des programmes de CIEL, aussi bien qu&rsquo;un Commandant Carabinieri, expert en art et responsable du D\u00e9tachement de Protection de l&rsquo;H\u00e9ritage Culturel, ont aussi particip\u00e9 \u00e0 l\u2019\u00e9v\u00e9nement.<\/em><\/p>\n<p><em id=\"__mceDel\"><em id=\"__mceDel\"><\/em><\/em><em id=\"__mceDel\"><em id=\"__mceDel\">En conclusion le pr\u00e9sident a tenu \u00e0 pr\u00e9ciser en ces termes :\u00a0<\/em><\/em><em id=\"__mceDel\"><em id=\"__mceDel\"><em id=\"__mceDel\">\u00abCes deux prix sont consid\u00e9r\u00e9s comme une reconnaissance de votre activit\u00e9 culturelle et sont aussi consid\u00e9r\u00e9s comme des messages d\u2019encouragement pour votre \u0153uvre artistique, un accomplissement dans la d\u00e9fense de la libert\u00e9.\u00bb<\/em><\/em><\/em><\/p>\n<p>Source : Art Director \u00a0\u00bbItalia in Arte\u00a0\u00bb<\/p>\n<p>.<br \/>\n<iframe loading=\"lazy\" src=\"http:\/\/www.youtube.com\/embed\/KXQd4BG8WS4?feature=player_detailpage\" height=\"360\" width=\"640\" allowfullscreen=\"\" frameborder=\"0\"><\/iframe><\/p>\n","protected":false},"excerpt":{"rendered":"<p>Italia in Arte<\/p>\n<p>Premio \u00a0\u00bbLEONARDO DA VINCI\u00a0\u00bb 2009<\/p>\n<p>Ma\u00eetre Charles Carson, AIBAQ -Prix \u00abLEONARDO DA VINCI 2009\/ MARTIN LUTHER KING 2009\u00bb<\/p>\n<p>Le plasticien canadien Charles Carson a re\u00e7u un double prix de reconnaissance en Italie, pour son implication dans le monde de la peinture. Le Prix \u00abLeonardo da Vinci 2009\u00bb et le Prix sp\u00e9cial \u00abThe Martin Luther King Human Rights Award 2009\u00bb d\u00e9cern\u00e9s aux personnalit\u00e9s des arts, des sciences et de la culture.<\/p>\n<div align=\"right\"><a href=\"https:\/\/charlescarson.com\/?p=3383&#038;catID=\" class=\"read-more\">Voir article complet&#8230;<\/a><\/div>\n","protected":false},"author":2,"featured_media":5289,"comment_status":"closed","ping_status":"closed","sticky":false,"template":"","format":"standard","meta":{"footnotes":""},"categories":[26],"tags":[12],"class_list":["post-3383","post","type-post","status-publish","format-standard","has-post-thumbnail","hentry","category-prix_mentions","tag-italie"],"_links":{"self":[{"href":"https:\/\/charlescarson.com\/index.php?rest_route=\/wp\/v2\/posts\/3383","targetHints":{"allow":["GET"]}}],"collection":[{"href":"https:\/\/charlescarson.com\/index.php?rest_route=\/wp\/v2\/posts"}],"about":[{"href":"https:\/\/charlescarson.com\/index.php?rest_route=\/wp\/v2\/types\/post"}],"author":[{"embeddable":true,"href":"https:\/\/charlescarson.com\/index.php?rest_route=\/wp\/v2\/users\/2"}],"replies":[{"embeddable":true,"href":"https:\/\/charlescarson.com\/index.php?rest_route=%2Fwp%2Fv2%2Fcomments&post=3383"}],"version-history":[{"count":26,"href":"https:\/\/charlescarson.com\/index.php?rest_route=\/wp\/v2\/posts\/3383\/revisions"}],"predecessor-version":[{"id":5288,"href":"https:\/\/charlescarson.com\/index.php?rest_route=\/wp\/v2\/posts\/3383\/revisions\/5288"}],"wp:featuredmedia":[{"embeddable":true,"href":"https:\/\/charlescarson.com\/index.php?rest_route=\/wp\/v2\/media\/5289"}],"wp:attachment":[{"href":"https:\/\/charlescarson.com\/index.php?rest_route=%2Fwp%2Fv2%2Fmedia&parent=3383"}],"wp:term":[{"taxonomy":"category","embeddable":true,"href":"https:\/\/charlescarson.com\/index.php?rest_route=%2Fwp%2Fv2%2Fcategories&post=3383"},{"taxonomy":"post_tag","embeddable":true,"href":"https:\/\/charlescarson.com\/index.php?rest_route=%2Fwp%2Fv2%2Ftags&post=3383"}],"curies":[{"name":"wp","href":"https:\/\/api.w.org\/{rel}","templated":true}]}}