{"id":3363,"date":"2007-10-28T14:49:15","date_gmt":"2007-10-28T14:49:15","guid":{"rendered":"http:\/\/www.charlescarson.com\/?p=3363"},"modified":"2014-02-10T20:49:06","modified_gmt":"2014-02-10T20:49:06","slug":"salon-international-dart-contemporain-paris-4","status":"publish","type":"post","link":"https:\/\/charlescarson.com\/?p=3363","title":{"rendered":"Salon International d&rsquo;art Contemporain &#8211; Paris"},"content":{"rendered":"<table width=\"100%\" border=\"0\" cellspacing=\"0\" cellpadding=\"5\">\n<tbody>\n<tr>\n<td valign=\"top\">\n<table width=\"171\" border=\"0\" cellspacing=\"5\" cellpadding=\"0\" align=\"right\">\n<tbody>\n<tr>\n<td align=\"center\" width=\"203\"><a class=\"thickbox\" href=\"images\/bigger\/ph_1_228Image.JPG\"><img decoding=\"async\" alt=\"\" src=\"images\/ph_1_228Image.JPG\" border=\"0\" \/><\/a><\/td>\n<\/tr>\n<tr>\n<td valign=\"top\"><strong><em>2007- Salon International d&rsquo;art Contemporain &#8211; \u00e0 Paris<br \/>\n<\/em><\/strong><\/td>\n<\/tr>\n<\/tbody>\n<\/table>\n<p>Charles Carson au Salon International d&rsquo;art Contemporain &#8211; \u00e0 Paris<\/p>\n<p>Chers amis,<\/p>\n<p>Apr\u00e8s ces quelques mois, nous vous l\u2019avions annonc\u00e9, notre premier grand rendez-vous avec le public arrive d\u00e9j\u00e0\u2026<\/p>\n<p>Les artistes, le comit\u00e9 organisateur seraient tr\u00e8s honor\u00e9s de votre pr\u00e9sence au vernissage de l\u2019exposition.<br \/>\nLe vendredi 26 octobre 2007 au 6 place de la Concorde, Paris VIII a partir de 19 heures.<\/p>\n<p>Visite de l\u2019exposition : vendredi le 26 de 15 h 00 \u00e0 19 h \u2013 Samedi 27 de 9 h 30 \u00e0 20 h \u2013 Dimanche 28 de 9 h 30 \u00e0 18 h.<\/p>\n<p>110 artistes participant ;<\/p>\n<p>Artistes participant : Anita Xavier, Anne Lan, Apesteguy Fran\u00e7ois, Arpagian Isabelle, Arrieux Filippi, Attchama Marie Rose, Babin Johanna, Bachelot, Baige Nicole, Banaigs Colette, Baptyste, Bayard Sylvestre, Benchaabane Meriem, Boanga Aude, Bollore Fran\u00e7oise, Bourdon Jean Claude, Claude Boutin, Boyer Anne Marie, Martine Bremot, Buclet Yves, Michel Buret, Cabot Geca Georges, Nella, Charles Carson, Castera Serge, Cayet Muriel, Chilin Chivate Pascal, De Seguin Dominique, Penkalla, Duble Bernard, Englert B\u00e9atrice, Etie Mireille, Fasentieux G\u00e9raldine, Fleerackers Anita, Fosse Daniel, Kim Anh, frezal B\u00e9atrice, Froment Nathalie, G\u00e9rald Gantois, Jean Michel Garczynski, Gazit Ran, Grima Corinne, Guichard Marie H\u00e9lene, Fran\u00e7ois Hauser, Virginie Hery, C\u00e9lia Huet, Isael Frisch Theard, V\u00e9ronique Joguet, Yvette Juillen, Regina Klin, Wolfgang Krause, Fran\u00e7oise Poirier Labrude, Lamote N\u2019Diss, Claude \u00c9mile Lamotte, Carole Boss, \u00c9ric L\u00e9vy, Sliwka, Sylvie Lohmann, B\u00e9atrice Marty, Christian Mazeas, Mesnage, Martine Tiny, Markus Nine, Aymeric Noa, Amelle Paqueron, Fernand Payraud, Marie Pejouan, Cris By Perret, Catherine Perrot, Pierre Promelle, Denis Boige de Pruvost, Catherine Puytnesge, Fran\u00e7oise Quillien, Christian Reisacher, Alexis Rero, Alain Richard\u2019s, Isabelle Rince, Sylvie Rochart, Fran\u00e7oise Roessle, Th\u00e9obald Romain, Katherine Roumanoff, Andr\u00e9e sebastien, Marc Seris, Emanuelle Soussi, Chantal Spencer, Dominique Stern, Sylvie Tiger, Jacqueline Torres, Roberto Trejo, Fran\u00e7is Tuella, Boun, Kim, France Wojtkowiak, Patricia Petapermal, vanecha, Xabe.<\/td>\n<\/tr>\n<\/tbody>\n<\/table>\n<table width=\"100%\" border=\"0\" cellspacing=\"0\" cellpadding=\"5\">\n<tbody>\n<tr>\n<td valign=\"top\">\n<table width=\"171\" border=\"0\" cellspacing=\"5\" cellpadding=\"0\" align=\"left\">\n<tbody>\n<tr>\n<td align=\"center\" width=\"203\"><a class=\"thickbox\" href=\"images\/bigger\/ph_2_228Image.JPG\"><img decoding=\"async\" alt=\"\" src=\"images\/ph_2_228Image.JPG\" border=\"0\" \/><\/a><\/td>\n<\/tr>\n<tr>\n<td valign=\"top\"><strong><em>\u00a0<\/em><\/strong><\/td>\n<\/tr>\n<\/tbody>\n<\/table>\n<p>Une ville : Paris, un site : l\u2019une des plus belles place du monde et la plus visit\u00e9es : la Place Concorde, un lieu : le cercle le plus select de France. L\u2019Automobile Club de France, vitrine de la place Concorde, entour\u00e9e des plus beaux palaces.<\/p>\n<p>A ces \u00e9l\u00e9ments s\u2019ajoute, Un ciblage d\u2019amateurs d\u2019arts : des invitations \u00e0 une client\u00e8le qu\u2019aucune manifestation artistique n\u2019a effectu\u00e9e jusqu\u2019alors. Des partenariats et invitations au plus haut niveau, palaces, membres de Clubs et autres r\u00e9seaux, officiels, presses\u2026<\/p>\n<p>Pour couronner l\u2019\u00e9v\u00e8nement et lui en assurer une promotion in\u00e9gal\u00e9e en information presse et diffusion t\u00e9l\u00e9visuelle, un vernissage haut en couleurs, r\u00e9serv\u00e9 aux invit\u00e9s, avec pour fond, une mise en sc\u00e8ne de lumi\u00e8re de la place Concorde et de ses monuments. C\u2019est gr\u00e2ce \u00e0 l\u2019un de nos membres J. P. Corrigou, que cet apport prestigieux et tr\u00e8s m\u00e9diatique est possible. Cet artiste s\u2019est brillement illustr\u00e9 avec ses partenaires, en habillant de lumi\u00e8re la Tour Eiffel lors du passage \u00e0 l\u2019an 2000, ainsi que le parc et les grandes eaux du ch\u00e2teau de Versailles. (*)<\/td>\n<\/tr>\n<\/tbody>\n<\/table>\n<table width=\"100%\" border=\"0\" cellspacing=\"0\" cellpadding=\"5\">\n<tbody>\n<tr>\n<td valign=\"top\">\n<table width=\"171\" border=\"0\" cellspacing=\"5\" cellpadding=\"0\" align=\"right\">\n<tbody>\n<tr>\n<td align=\"center\" width=\"203\"><a class=\"thickbox\" href=\"images\/bigger\/ph_3_228Image.PNG\"><img decoding=\"async\" alt=\"\" src=\"images\/ph_3_228Image.PNG\" border=\"0\" \/><\/a><\/td>\n<\/tr>\n<tr>\n<td valign=\"top\"><strong><em>\u00a0<\/em><\/strong><\/td>\n<\/tr>\n<\/tbody>\n<\/table>\n<p>Un spectacle pour le tout Paris, tous les amateurs d\u2019arts ne pourront et ne voudront manquer ce rendez-vous unique. Apr\u00e8s votre exposition, les portes du Cercle de l\u2019Automobile Club de France se refermeront au public pour ne laisser passer que ses membres.<\/p>\n<p>Une exposition prestigieuse, qualitative, limit\u00e9e \u00e0 110 artistes. Pour ce rendez-vous, nous avons opt\u00e9 pour une exposition \u00ab mus\u00e9e \u00bb. Les \u0153uvres seront dispos\u00e9es en ligne et en pourtour de salle, avec de larges reculs. Les \u0153uvres seront accroch\u00e9es sur cimaises et individuellement \u00e9clair\u00e9es sur panneau blanc.<\/p>\n<p>Les vendredi et samedi, nous accueillerons les membres de l\u2019Automobile Club et leurs invit\u00e9s qui pourront visiter l\u2019exposition lors de leur d\u00e9jeuner et d\u00eener, repr\u00e9sentant un apport de plusieurs centaines de personnes issues d\u2019une grande client\u00e8le.<\/p>\n<p>Vendredi : l\u2019exposition sera ouverte au public d\u00e8s 14 heures. Remise des trois Laur\u00e9ats \u00e0 17 heures en pr\u00e9sence de la presse.<br \/>\nA 19 heures vernissage et nocturne jusqu\u2019 22 heures. D\u00e9but du spectacle place Concorde de 20 heures \u00e0 minuit.<\/p>\n<p>Samedi : Invitation des r\u00e9sidants des palaces. Ouverture au public de 10 h 30 jusqu&rsquo;\u00e0 20 h 30. Nocturne \u00e0 partir de 20 heures pour les membres des clubs d\u00eenant dans les salons Concorde.<\/p>\n<p>Dimanche : Ouverture au public de 10 heures \u00e0 18 h 30 pour finaliser les ventes restantes.<\/td>\n<\/tr>\n<\/tbody>\n<\/table>\n","protected":false},"excerpt":{"rendered":"<p>Apr\u00e8s ces quelques mois, nous vous l\u2019avions annonc\u00e9, notre premier grand rendez-vous avec le public arrive d\u00e9j\u00e0\u2026<\/p>\n<p>Les artistes, le comit\u00e9 organisateur seraient tr\u00e8s honor\u00e9s de votre pr\u00e9sence au vernissage de l\u2019exposition.<br \/>\nLe vendredi 26 octobre 2007 au 6 place de la Concorde, Paris VIII a partir de 19 heures.<\/p>\n<p>Visite de l\u2019exposition : vendredi le 26 de 15 h 00 \u00e0 19 h \u2013 Samedi 27 de 9 h 30 \u00e0 20 h \u2013 Dimanche 28 de 9 h 30 \u00e0 18 h.<\/p>\n<div align=\"right\"><a href=\"https:\/\/charlescarson.com\/?p=3363&#038;catID=\" class=\"read-more\">Voir article complet&#8230;<\/a><\/div>\n","protected":false},"author":2,"featured_media":0,"comment_status":"closed","ping_status":"closed","sticky":false,"template":"","format":"standard","meta":{"footnotes":""},"categories":[2],"tags":[32],"class_list":["post-3363","post","type-post","status-publish","format-standard","hentry","category-note-biographique","tag-paris"],"_links":{"self":[{"href":"https:\/\/charlescarson.com\/index.php?rest_route=\/wp\/v2\/posts\/3363","targetHints":{"allow":["GET"]}}],"collection":[{"href":"https:\/\/charlescarson.com\/index.php?rest_route=\/wp\/v2\/posts"}],"about":[{"href":"https:\/\/charlescarson.com\/index.php?rest_route=\/wp\/v2\/types\/post"}],"author":[{"embeddable":true,"href":"https:\/\/charlescarson.com\/index.php?rest_route=\/wp\/v2\/users\/2"}],"replies":[{"embeddable":true,"href":"https:\/\/charlescarson.com\/index.php?rest_route=%2Fwp%2Fv2%2Fcomments&post=3363"}],"version-history":[{"count":5,"href":"https:\/\/charlescarson.com\/index.php?rest_route=\/wp\/v2\/posts\/3363\/revisions"}],"predecessor-version":[{"id":6929,"href":"https:\/\/charlescarson.com\/index.php?rest_route=\/wp\/v2\/posts\/3363\/revisions\/6929"}],"wp:attachment":[{"href":"https:\/\/charlescarson.com\/index.php?rest_route=%2Fwp%2Fv2%2Fmedia&parent=3363"}],"wp:term":[{"taxonomy":"category","embeddable":true,"href":"https:\/\/charlescarson.com\/index.php?rest_route=%2Fwp%2Fv2%2Fcategories&post=3363"},{"taxonomy":"post_tag","embeddable":true,"href":"https:\/\/charlescarson.com\/index.php?rest_route=%2Fwp%2Fv2%2Ftags&post=3363"}],"curies":[{"name":"wp","href":"https:\/\/api.w.org\/{rel}","templated":true}]}}