{"id":3356,"date":"2007-11-03T14:49:15","date_gmt":"2013-03-28T14:49:15","guid":{"rendered":"http:\/\/www.charlescarson.com\/?p=3356"},"modified":"2014-07-03T15:41:55","modified_gmt":"2014-07-03T15:41:55","slug":"prix-ambassadeur-international-6","status":"publish","type":"post","link":"https:\/\/charlescarson.com\/?p=3356","title":{"rendered":"Mus\u00e9e des beaux-art de Montr\u00e9al, ACADEMIA XXI \u2013 Charles Carson re\u00e7oit le Prix Ambassadeur International 2007"},"content":{"rendered":"<table style=\"width: 100%;\" border=\"0\" cellspacing=\"0\" cellpadding=\"5\">\n<tbody>\n<tr>\n<td valign=\"top\">\n<table style=\"width: 171px;\" border=\"0\" cellspacing=\"5\" cellpadding=\"0\" align=\"right\">\n<tbody>\n<tr>\n<td align=\"center\" width=\"203\"><a href=\"http:\/\/www.charlescarson.com\/wp-content\/uploads\/2007\/11\/Charles-Carson-AMBASSADEUR-copyright.jpg\"><img loading=\"lazy\" decoding=\"async\" class=\"size-medium wp-image-5303\" src=\"http:\/\/www.charlescarson.com\/wp-content\/uploads\/2007\/11\/Charles-Carson-AMBASSADEUR-copyright-300x242.jpg\" alt=\"Mus\u00e9e des beaux-art de Montr\u00e9al ACADEMIA XXI - Charles Carson re\u00e7oit des mains de Anne Richer le Prix Ambassadeur International 2007\" width=\"300\" height=\"242\" srcset=\"https:\/\/www.charlescarson.com\/wp-content\/uploads\/2007\/11\/Charles-Carson-AMBASSADEUR-copyright-300x242.jpg 300w, https:\/\/www.charlescarson.com\/wp-content\/uploads\/2007\/11\/Charles-Carson-AMBASSADEUR-copyright-150x121.jpg 150w, https:\/\/www.charlescarson.com\/wp-content\/uploads\/2007\/11\/Charles-Carson-AMBASSADEUR-copyright-450x363.jpg 450w, https:\/\/www.charlescarson.com\/wp-content\/uploads\/2007\/11\/Charles-Carson-AMBASSADEUR-copyright-1024x827.jpg 1024w, https:\/\/www.charlescarson.com\/wp-content\/uploads\/2007\/11\/Charles-Carson-AMBASSADEUR-copyright-100x80.jpg 100w\" sizes=\"auto, (max-width: 300px) 100vw, 300px\" \/><\/a><\/td>\n<\/tr>\n<tr>\n<td valign=\"top\"><strong><em>Mus\u00e9e des beaux-art de Montr\u00e9al<br \/> ACADEMIA XXI &#8211; Charles Carson re\u00e7oit le Prix Ambassadeur International 2007<br \/> <\/em><\/strong><\/td>\n<\/tr>\n<\/tbody>\n<\/table>\n<p><strong>Mus\u00e9e des beaux-arts de Montr\u00e9al<\/strong><br \/> GALA ACADEMIA XXI 2007<\/p>\n<p>L\u2019Acad\u00e9mie a d\u00e9cid\u00e9, cette ann\u00e9e, de souligner l\u2019importance des retomb\u00e9es m\u00e9diatiques pour les artistes.<br \/> \u00abCombien de fois un artiste en arts visuels doit-il pr\u00e9senter ses tableaux pour obtenir ne serait-ce qu\u2019une partie des retomb\u00e9es consid\u00e9r\u00e9es normales pour un chanteur ou pour un acteur ? \u00bb Louis Bruens<\/p>\n<p>L\u2019Acad\u00e9mie a d\u00e9cern\u00e9 le Prix AMBASSADEUR INTERNATIONAL qui sera remis par Mme Anne Richer, \u00c0 CHARLES CARSON en mentionnant qu\u2019elle \u00e9tait \u00e0 l\u2019\u0153uvre actuellement \u00e0 la r\u00e9daction de la biographie de cet artiste.<\/p>\n<p>Samedi, 3 novembre dernier, l&rsquo;Acad\u00e9mie Internationale des Beaux-Arts du Qu\u00e9bec, a pr\u00e9sent\u00e9 son gala annuel au Mus\u00e9e des beaux-arts de Montr\u00e9al.<\/p>\n<p>Charles Carson\u2026 Des honneurs bien m\u00e9rit\u00e9s pour ce ma\u00eetre !<\/p>\n<p>NOMINATION AU TITRE DE MA\u00ceTRE ACAD\u00c9MICIEN<\/p>\n<p>PRIX AMBASSADEUR INTERNATIONAL<\/p>\n<p>LOUIS BRUENS a pr\u00e9sent\u00e9 Charles Carson en ces termes : Un analyste ou un expert se doit d\u2019avoir du flair et au sujet de l\u2019artiste que je vais vous pr\u00e9senter tous les experts ont \u00e9t\u00e9 d\u2019accord. L\u2019artiste en question m\u2019a un jour vraiment surpris avec un de ses tableaux et il continue encore de m\u2019\u00e9tonner. Voil\u00e0 plus de 25 ans que ce peintre d\u2019un talent ind\u00e9niable joue avec sa palette de couleurs vives, ses lumi\u00e8res particuli\u00e8res et son imagination fertile. 2 genres le caract\u00e9risent, le semi-figuratif et l\u2019abstractivisme. Il a donn\u00e9 naissance au \u00abCarsonisme\u00bb qui fait actuellement \u00e9cole dans plusieurs pays. Charles Carson s\u2019est impliqu\u00e9 concr\u00e8tement dans l\u2019AIBAQ depuis les tous d\u00e9buts.<\/p>\n<\/td>\n<\/tr>\n<\/tbody>\n<\/table>\n<table style=\"width: 100%;\" border=\"0\" cellspacing=\"0\" cellpadding=\"5\">\n<tbody>\n<tr>\n<td valign=\"top\">\n<table style=\"width: 171px;\" border=\"0\" cellspacing=\"5\" cellpadding=\"0\" align=\"left\">\n<tbody>\n<tr>\n<td align=\"center\" width=\"203\"><a class=\"thickbox\" href=\"images\/bigger\/ph_2_226Image.jpg\"><img decoding=\"async\" src=\"images\/ph_2_226Image.jpg\" alt=\"\" border=\"0\" \/><\/a><\/td>\n<\/tr>\n<tr>\n<td valign=\"top\"><strong><em>Charles Carson, Prix AMBASSADEUR INTERNATIONAL 2007- Academia XXI &#8211; Mus\u00e9e des beaux-arts de Montr\u00e9al. Charles Carson en compagnie de Caroline Bruens et Anne Richer, journaliste \u00e0 la PRESSE depuis 1968.<br \/> <\/em><\/strong><\/td>\n<\/tr>\n<\/tbody>\n<\/table>\n<p>Les jeunes artistes oublient le plus souvent qu\u2019il ne s\u2019agit pas seulement de cr\u00e9er, mais encore, il est imp\u00e9ratif de se faire conna\u00eetre et d\u2019exposer ses \u0153uvres par tous les moyens \u00e0 leur disposition. L\u2019artiste qui va vous \u00eatre pr\u00e9sent\u00e9, a compris cette r\u00e8gle. Il n\u2019a jamais h\u00e9sit\u00e9 \u00e0 rencontrer des experts en march\u00e9 d\u2019art et des collectionneurs et des investisseurs dans le but pr\u00e9cis de leur demander des conseils, conseils qu\u2019il a plus souvent suivis scrupuleusement. Charles Carson est devenu depuis un peintre d\u2019envergure internationale, mais voyez par vous-m\u00eames.<\/p>\n<p>Un hommage a \u00e9t\u00e9 rendu \u00e0 Charles Carson pour sa nomination, il est le plus jeune ma\u00eetre de l\u2019Acad\u00e9mie. Vous pourrez en voir les extraits vid\u00e9os dans la vid\u00e9oth\u00e8que de l\u2019Acad\u00e9mie dans les semaines \u00e0 venir.<\/p>\n<\/td>\n<\/tr>\n<\/tbody>\n<\/table>\n<table style=\"width: 100%;\" border=\"0\" cellspacing=\"0\" cellpadding=\"5\">\n<tbody>\n<tr>\n<td valign=\"top\">\n<table style=\"width: 171px;\" border=\"0\" cellspacing=\"5\" cellpadding=\"0\" align=\"right\">\n<tbody>\n<tr>\n<td align=\"center\" width=\"203\"><a class=\"thickbox\" href=\"images\/bigger\/ph_3_226Image.jpg\"><img decoding=\"async\" src=\"images\/ph_3_226Image.jpg\" alt=\"\" border=\"0\" \/><\/a><\/td>\n<\/tr>\n<tr>\n<td valign=\"top\"><strong><em>Academia XXI 2007- Charles Carson &#8211; Anne Richer et Caroline Bruens-<br \/> <\/em><\/strong><\/td>\n<\/tr>\n<\/tbody>\n<\/table>\n<p>LE PRIX AMBASSADEUR<br \/> L\u2019Acad\u00e9mie a d\u00e9cid\u00e9 de souligner l\u2019importance des retomb\u00e9es m\u00e9diatiques pour les artistes. Le MC a paraphras\u00e9 Louis Bruens en posant la question : Combien de fois un artiste en arts visuels doit-il pr\u00e9senter ses tableaux pour obtenir ne serait-ce qu\u2019une partie des retomb\u00e9es consid\u00e9r\u00e9es normales pour un chanteur ou pour un acteur?<\/p>\n<p>Puis Madame Anne Richer fut pr\u00e9sent\u00e9e en ces termes :<\/p>\n<p>Nous invitons Madame Anne Richer, \u00e0 pr\u00e9senter les PRIX AMBASSADEUR \u00e0 l\u2019\u00e9chelle r\u00e9gionale, provinciale, nationale et internationale. Madame Anne Richer est journaliste au quotidien \u00abLa Presse\u00bb depuis 1968, directrice des pages f\u00e9minines, charg\u00e9e du dossier de la condition f\u00e9minine durant de nombreuses ann\u00e9es, nomm\u00e9e \u00abFemme de l&rsquo;ann\u00e9e en 1970\u00bb et r\u00e9dactrice depuis 1991, de la chronique : \u00abAnne Richer rencontre\u00bb. \u00c9crivaine, elle a dress\u00e9 le portrait de plus d&rsquo;une centaine d&rsquo;hommes et de femmes, b\u00e2tisseurs et rassembleurs, leaders et h\u00e9ros de notre temps, ces derni\u00e8res ann\u00e9es. Madame Richer a ajout\u00e9 qu\u2019elle pr\u00e9parait la biographie de Charles Carson en remettant \u00e0 l\u2019artiste le Prix Ambassadeur international de l\u2019AIBAQ.<\/p>\n<\/td>\n<\/tr>\n<\/tbody>\n<\/table>\n<table style=\"width: 100%;\" border=\"0\" cellspacing=\"0\" cellpadding=\"5\">\n<tbody>\n<tr>\n<td valign=\"top\">\n<table style=\"width: 171px;\" border=\"0\" cellspacing=\"5\" cellpadding=\"0\" align=\"left\">\n<tbody>\n<tr>\n<td align=\"center\" width=\"203\"><a class=\"thickbox\" href=\"images\/bigger\/ph_4_226Image.jpg\"><img decoding=\"async\" src=\"images\/ph_4_226Image.jpg\" alt=\"\" border=\"0\" \/><\/a><\/td>\n<\/tr>\n<tr>\n<td valign=\"top\"><strong><em>\u00a0<\/em><\/strong><\/td>\n<\/tr>\n<\/tbody>\n<\/table>\n<p>Le Prix Ambassadeur international a \u00e9t\u00e9 remis \u00e0 Charles Carson pour les raisons suivantes :<\/p>\n<p>On retrouve une murale monumentale \u00e0 l\u2019a\u00e9roport de Carthag\u00e8ne, en Colombie, murale acquise par la Soci\u00e9t\u00e9 A\u00e9roportuaire ;<br \/> Dans la m\u00eame ville, un bronze \u00e0 son effigie, de 700kg, grandeur nature, est \u00e9rig\u00e9 dans un parc \u00e0 Boca Grande en el laguito ;<br \/> l\u2019artiste est m\u00e9daill\u00e9 d\u2019or en Colombie, en France, en Italie, et au Canada, il obtient de plus en Italie, par l\u2019Accademia Internazionale \u00abGRECI-MARINO\u00bb, le titre sup\u00e9rieur de Ma\u00eetre acad\u00e9micien du VERBANO en 2007;<br \/> Laur\u00e9at &lsquo;Oscar della Cultura&rsquo; \u00e0 Florence toujours en 2007;<br \/> Il arrive tout juste du Salon international d&rsquo;Art Contemporain 2007 de Paris, tenue \u00e0 la Place Concorde;<br \/> Il pr\u00e9sentera, en novembre, une exposition solo au Mus\u00e9e d\u2019art d\u00e9partemental de la ville de S\u00e9es en Normandie, en France;<br \/> Il est aussi, cette ann\u00e9e, invit\u00e9 d\u2019honneur pour le lancement de la nouvelle Galerie d\u2019art du Ch\u00e2teau Montferrand en France;<br \/> \u00abC\u2019est pour toutes ces raisons que nous vous remettons ce prestigieux prix.\u00bb<\/p>\n<\/td>\n<\/tr>\n<\/tbody>\n<\/table>\n<table style=\"width: 100%;\" border=\"0\" cellspacing=\"0\" cellpadding=\"5\">\n<tbody>\n<tr>\n<td valign=\"top\">\n<table style=\"width: 171px;\" border=\"0\" cellspacing=\"5\" cellpadding=\"0\" align=\"right\">\n<tbody>\n<tr>\n<td align=\"center\" width=\"203\"><a class=\"thickbox\" href=\"images\/bigger\/ph_5_226Image.jpg\"><img decoding=\"async\" src=\"images\/ph_5_226Image.jpg\" alt=\"\" border=\"0\" \/><\/a><\/td>\n<\/tr>\n<tr>\n<td valign=\"top\"><strong><em>\u00a0<\/em><\/strong><\/td>\n<\/tr>\n<\/tbody>\n<\/table>\n<p>Vous pourrez avoir des d\u00e9tails concernant les prix pendant plusieurs jours sur le site www.academiaxxi.com pour des d\u00e9tails ou des entrevues, nous sommes \u00e0 votre enti\u00e8re disposition et vous \u00eates pri\u00e9s de communiquer avec nous.<\/p>\n<p>Par t\u00e9l\u00e9phone : 1-819-326-9264 ou par courriel : info@artacademie.com<\/p>\n<p>Site officiel de l\u2019Acad\u00e9mie : www.artacademie.com<\/p>\n<p>Les fondateurs : http:\/\/www.artacademie.com\/main-fondateur.cfm<\/p>\n<p>Album photos souvenir: http:\/\/artacademie.com\/gallery2\/main.php<\/p>\n<p>Le programme musical et l&rsquo;animation du gala ont \u00e9t\u00e9 assur\u00e9 par notre ma\u00eetre de c\u00e9r\u00e9monie Luc Lefebvre, et notre duo compos\u00e9 de Linda Dubois, chanteuse et Brigitte Leclerc, pianiste.<\/p>\n<p>Au plaisir de vous rencontrer ou de communiquer avec vous au t\u00e9l\u00e9phone.<\/p>\n<p>Recevez nos plus cordiales salutations,<\/p>\n<p>Caroline et Louis Bruens, fondateurs de l&rsquo;Acad\u00e9mie<\/p>\n<\/td>\n<\/tr>\n<\/tbody>\n<\/table>\n","protected":false},"excerpt":{"rendered":"<p><strong>Mus\u00e9e des beaux-arts de Montr\u00e9al<\/strong><br \/>\nGALA ACADEMIA XXI 2007<\/p>\n<p>l&rsquo;Acad\u00e9mie Internationale des Beaux-Arts du Qu\u00e9bec &#8211; d\u00e9cerne \u00e0 Charles Carson le Prix Ambassadeur International &#8211; Cette reconnaissance est accord\u00e9e par l&rsquo;Acad\u00e9mie &#8211; Pour l&rsquo;implication de l&rsquo;artiste \u00e0 faire conna\u00eetre l&rsquo;Acad\u00e9mie \u00e0 l&rsquo;\u00e9chelle International &#8211; Dans la cat\u00e9gorie: \u00abProfessionnel &#8211; peinture\u00bb<\/p>\n<p>L\u2019Acad\u00e9mie a d\u00e9cid\u00e9, cette ann\u00e9e, de souligner l\u2019importance des retomb\u00e9es m\u00e9diatiques pour les artistes.<br \/>\n\u00abCombien de fois un artiste en arts visuels doit-il pr\u00e9senter ses tableaux pour obtenir ne serait-ce qu\u2019une partie des retomb\u00e9es consid\u00e9r\u00e9es normales pour un chanteur ou pour un acteur ? \u00bb Louis Bruens<\/p>\n<p>L\u2019Acad\u00e9mie a d\u00e9cern\u00e9 le Prix AMBASSADEUR INTERNATIONAL qui sera remis par Mme Anne Richer, \u00c0 CHARLES CARSON en mentionnant qu\u2019elle \u00e9tait \u00e0 l\u2019\u0153uvre actuellement \u00e0 la r\u00e9daction de la biographie de cet artiste.<\/p>\n<div align=\"right\"><a href=\"https:\/\/charlescarson.com\/?p=3356&#038;catID=\" class=\"read-more\">Voir article complet&#8230;<\/a><\/div>\n","protected":false},"author":2,"featured_media":7449,"comment_status":"closed","ping_status":"closed","sticky":false,"template":"","format":"standard","meta":{"footnotes":""},"categories":[26],"tags":[],"class_list":["post-3356","post","type-post","status-publish","format-standard","has-post-thumbnail","hentry","category-prix_mentions"],"_links":{"self":[{"href":"https:\/\/charlescarson.com\/index.php?rest_route=\/wp\/v2\/posts\/3356","targetHints":{"allow":["GET"]}}],"collection":[{"href":"https:\/\/charlescarson.com\/index.php?rest_route=\/wp\/v2\/posts"}],"about":[{"href":"https:\/\/charlescarson.com\/index.php?rest_route=\/wp\/v2\/types\/post"}],"author":[{"embeddable":true,"href":"https:\/\/charlescarson.com\/index.php?rest_route=\/wp\/v2\/users\/2"}],"replies":[{"embeddable":true,"href":"https:\/\/charlescarson.com\/index.php?rest_route=%2Fwp%2Fv2%2Fcomments&post=3356"}],"version-history":[{"count":15,"href":"https:\/\/charlescarson.com\/index.php?rest_route=\/wp\/v2\/posts\/3356\/revisions"}],"predecessor-version":[{"id":7451,"href":"https:\/\/charlescarson.com\/index.php?rest_route=\/wp\/v2\/posts\/3356\/revisions\/7451"}],"wp:featuredmedia":[{"embeddable":true,"href":"https:\/\/charlescarson.com\/index.php?rest_route=\/wp\/v2\/media\/7449"}],"wp:attachment":[{"href":"https:\/\/charlescarson.com\/index.php?rest_route=%2Fwp%2Fv2%2Fmedia&parent=3356"}],"wp:term":[{"taxonomy":"category","embeddable":true,"href":"https:\/\/charlescarson.com\/index.php?rest_route=%2Fwp%2Fv2%2Fcategories&post=3356"},{"taxonomy":"post_tag","embeddable":true,"href":"https:\/\/charlescarson.com\/index.php?rest_route=%2Fwp%2Fv2%2Ftags&post=3356"}],"curies":[{"name":"wp","href":"https:\/\/api.w.org\/{rel}","templated":true}]}}