{"id":3351,"date":"2007-11-13T14:49:15","date_gmt":"2007-11-13T14:49:15","guid":{"rendered":"http:\/\/www.charlescarson.com\/?p=3351"},"modified":"2014-02-10T20:37:55","modified_gmt":"2014-02-10T20:37:55","slug":"le-phnomne-carson-ses-4","status":"publish","type":"post","link":"https:\/\/charlescarson.com\/?p=3351","title":{"rendered":"Le ph\u00e9nom\u00e8ne Carson \u00e0 S\u00e9es"},"content":{"rendered":"<table width=\"100%\" border=\"0\" cellspacing=\"0\" cellpadding=\"5\">\n<tbody>\n<tr>\n<td valign=\"top\">\n<table width=\"171\" border=\"0\" cellspacing=\"5\" cellpadding=\"0\" align=\"right\">\n<tbody>\n<tr>\n<td align=\"center\" width=\"203\"><a class=\"thickbox\" href=\"images\/bigger\/ph_1_220Image.JPG\"><img decoding=\"async\" alt=\"\" src=\"images\/ph_1_220Image.JPG\" border=\"0\" \/><\/a><\/td>\n<\/tr>\n<tr>\n<td valign=\"top\"><strong><em>L\u2019orne hebdo, Normandie, France-Le ph\u00e9nom\u00e8ne Carson \u00e0 S\u00e9es- Photo- Jacqueline de Torres, Charles Carson et sa fille M\u00e9lissa<br \/>\n<\/em><\/strong><\/td>\n<\/tr>\n<\/tbody>\n<\/table>\n<p>L\u2019orne hebdo, Normandie, France<\/p>\n<p>63 i\u00e8me ann\u00e9es No: 2101<br \/>\nJournal issu des Mouvements de r\u00e9sistance Ornais<\/p>\n<p>13 novembre 2007<\/p>\n<p>Le ph\u00e9nom\u00e8ne Carson \u00e0 S\u00e9es<\/p>\n<p>Son style est \u00e9tonnant il est tr\u00e8s contemporain mais difficile \u00e0 d\u00e9finir. Inclassable? Peut \u00eatre. On parle de \u00a8carsonisme\u00a8. La pr\u00e9sence d\u2019\u0153uvres de Charles Carson dans les couloirs de la mairie de S\u00e9es est un \u00e9v\u00e8nement.<\/p>\n<p>D\u2019ailleurs, pourquoi cet artiste de renomm\u00e9e internationale expose-t-il dans l\u2019Orne?<\/p>\n<p>La r\u00e9ponse est simple : Jacqueline de Torres, agent pour l\u2019Europe de cet artiste canadien, est devenue habitante de S\u00e9es. \u00abQuand j\u2019ai d\u00e9couvert ses \u0153uvres, \u00e7a a fait un tilt. Charles Carson est devenu un ami. C\u2019est un homme simple, de renomm\u00e9e internationale, qui a sa technique \u00e0 lui\u00bb, confie t-elle.<\/p>\n<p>Lors du vernissage, Bernard Amiot, adjoint \u00e0 la Culture \u00e0 S\u00e9es, a soulign\u00e9 que \u00abl\u2019artiste place la couleur au c\u0153ur de son travail. L\u2019\u00e9motion vient de la couleur. La couleur fabrique l\u2019\u00e9motion. L\u2019\u00e9motion c\u2019est l\u2019enjeu.\u00bb<\/p>\n<p>Un tableau de Carson, il faut le voir. On peut \u00eatre surpris. On part. On revient. On d\u00e9couvre. On repart. On red\u00e9couvre. Etc. Il faut contempler et p\u00e9n\u00e9trer au sein de ce monde de couleurs qui rappelle les carnavals sud-am\u00e9ricains et les feuillages de l\u2019automne canadien. En peignant, Carson \u00e9crit sa vision de la nature. Voil\u00e0 un homme qui peint autrement. JMF<\/p>\n<p>Mairie de S\u00e9es, jusqu\u2019au 30 novembre. Du lundi au vendredi de 8 h 30 \u00e0 12 heures et de 13 h 30 \u00e0 17 h 30, le samedi de 9 heures \u00e0 12 heures.<\/td>\n<\/tr>\n<\/tbody>\n<\/table>\n","protected":false},"excerpt":{"rendered":"<p>Le ph\u00e9nom\u00e8ne Carson \u00e0 S\u00e9es<\/p>\n<p>Son style est \u00e9tonnant il est tr\u00e8s contemporain mais difficile \u00e0 d\u00e9finir. Inclassable? Peut \u00eatre. On parle de \u00a8carsonisme\u00a8. La pr\u00e9sence d\u2019\u0153uvres de Charles Carson dans les couloirs de la mairie de S\u00e9es est un \u00e9v\u00e8nement.<\/p>\n<p>D\u2019ailleurs, pourquoi cet artiste de renomm\u00e9e internationale expose-t-il dans l\u2019Orne?<\/p>\n<p>La r\u00e9ponse est simple : Jacqueline de Torres, agent pour l\u2019Europe de cet artiste canadien, est devenue habitante de S\u00e9es. \u00abQuand j\u2019ai d\u00e9couvert ses \u0153uvres, \u00e7a a fait un tilt. Charles Carson est devenu un ami. C\u2019est un homme simple, de renomm\u00e9e internationale, qui a sa technique \u00e0 lui\u00bb, confie t-elle.<\/p>\n<div align=\"right\"><a href=\"https:\/\/charlescarson.com\/?p=3351&#038;catID=\" class=\"read-more\">Voir article complet&#8230;<\/a><\/div>\n","protected":false},"author":2,"featured_media":0,"comment_status":"closed","ping_status":"closed","sticky":false,"template":"","format":"standard","meta":{"footnotes":""},"categories":[2],"tags":[32],"class_list":["post-3351","post","type-post","status-publish","format-standard","hentry","category-note-biographique","tag-paris"],"_links":{"self":[{"href":"https:\/\/charlescarson.com\/index.php?rest_route=\/wp\/v2\/posts\/3351","targetHints":{"allow":["GET"]}}],"collection":[{"href":"https:\/\/charlescarson.com\/index.php?rest_route=\/wp\/v2\/posts"}],"about":[{"href":"https:\/\/charlescarson.com\/index.php?rest_route=\/wp\/v2\/types\/post"}],"author":[{"embeddable":true,"href":"https:\/\/charlescarson.com\/index.php?rest_route=\/wp\/v2\/users\/2"}],"replies":[{"embeddable":true,"href":"https:\/\/charlescarson.com\/index.php?rest_route=%2Fwp%2Fv2%2Fcomments&post=3351"}],"version-history":[{"count":5,"href":"https:\/\/charlescarson.com\/index.php?rest_route=\/wp\/v2\/posts\/3351\/revisions"}],"predecessor-version":[{"id":6915,"href":"https:\/\/charlescarson.com\/index.php?rest_route=\/wp\/v2\/posts\/3351\/revisions\/6915"}],"wp:attachment":[{"href":"https:\/\/charlescarson.com\/index.php?rest_route=%2Fwp%2Fv2%2Fmedia&parent=3351"}],"wp:term":[{"taxonomy":"category","embeddable":true,"href":"https:\/\/charlescarson.com\/index.php?rest_route=%2Fwp%2Fv2%2Fcategories&post=3351"},{"taxonomy":"post_tag","embeddable":true,"href":"https:\/\/charlescarson.com\/index.php?rest_route=%2Fwp%2Fv2%2Ftags&post=3351"}],"curies":[{"name":"wp","href":"https:\/\/api.w.org\/{rel}","templated":true}]}}