{"id":3350,"date":"2007-11-13T14:49:15","date_gmt":"2007-11-13T14:49:15","guid":{"rendered":"http:\/\/www.charlescarson.com\/?p=3350"},"modified":"2014-07-03T15:38:38","modified_gmt":"2014-07-03T15:38:38","slug":"charles-carson-recoit-la-mdaille-dhonneur-de-la-ville-de-ses-4","status":"publish","type":"post","link":"https:\/\/charlescarson.com\/?p=3350","title":{"rendered":"Charles Carson recoit la m\u00e9daille d&rsquo;honneur de la ville de S\u00e9es"},"content":{"rendered":"<table style=\"width: 100%;\" border=\"0\" cellspacing=\"0\" cellpadding=\"5\">\n<tbody>\n<tr>\n<td valign=\"top\">\n<table style=\"width: 171px;\" border=\"0\" cellspacing=\"5\" cellpadding=\"0\" align=\"right\">\n<tbody>\n<tr>\n<td align=\"center\" width=\"203\"><a class=\"thickbox\" href=\"images\/bigger\/ph_1_219Image.JPG\"><img decoding=\"async\" src=\"images\/ph_1_219Image.JPG\" alt=\"\" border=\"0\" \/><\/a><\/td>\n<\/tr>\n<tr>\n<td valign=\"top\"><strong><em>Ouest France, Mardi 13 novembre 2007 &#8211; Charles Carson re\u00e7oit la m\u00e9daille d&rsquo;honneur de la ville de S\u00e9es, des mains de Lydia Fayel.<br \/> <\/em><\/strong><\/td>\n<\/tr>\n<\/tbody>\n<\/table>\n<div id=\"attachment_5297\" style=\"width: 460px\" class=\"wp-caption alignleft\"><a href=\"http:\/\/www.charlescarson.com\/wp-content\/uploads\/2007\/11\/Carson-et-secr\u00e9taire-g\u00e9n\u00e9rale-Madame-Lydia-Fayel.jpg\"><img loading=\"lazy\" decoding=\"async\" aria-describedby=\"caption-attachment-5297\" class=\"wp-image-5297 size-medium\" src=\"http:\/\/www.charlescarson.com\/wp-content\/uploads\/2007\/11\/Carson-et-secr\u00e9taire-g\u00e9n\u00e9rale-Madame-Lydia-Fayel-450x337.jpg\" alt=\"Charles Carson re\u00e7oit la m\u00e9daille d\u2019honneur de la ville de S\u00e9es, des mains de Lydia Fayel 2007 \" width=\"450\" height=\"337\" srcset=\"https:\/\/www.charlescarson.com\/wp-content\/uploads\/2007\/11\/Carson-et-secr\u00e9taire-g\u00e9n\u00e9rale-Madame-Lydia-Fayel-450x337.jpg 450w, https:\/\/www.charlescarson.com\/wp-content\/uploads\/2007\/11\/Carson-et-secr\u00e9taire-g\u00e9n\u00e9rale-Madame-Lydia-Fayel-150x112.jpg 150w, https:\/\/www.charlescarson.com\/wp-content\/uploads\/2007\/11\/Carson-et-secr\u00e9taire-g\u00e9n\u00e9rale-Madame-Lydia-Fayel-100x75.jpg 100w, https:\/\/www.charlescarson.com\/wp-content\/uploads\/2007\/11\/Carson-et-secr\u00e9taire-g\u00e9n\u00e9rale-Madame-Lydia-Fayel-300x225.jpg 300w, https:\/\/www.charlescarson.com\/wp-content\/uploads\/2007\/11\/Carson-et-secr\u00e9taire-g\u00e9n\u00e9rale-Madame-Lydia-Fayel.jpg 640w\" sizes=\"auto, (max-width: 450px) 100vw, 450px\" \/><\/a><p id=\"caption-attachment-5297\" class=\"wp-caption-text\">Charles Carson re\u00e7oit la m\u00e9daille d\u2019honneur de la ville de S\u00e9es, des mains de Lydia Fayel 2007<\/p>\n<p>&nbsp;<\/p>\n<p><\/p>\n<p>&nbsp;<\/p>\n<p><\/p><\/div>\n<p>Journal Ouest France, l\u2019orne<br \/> No:19210<\/p>\n<p>Mardi 13 novembre 2007<\/p>\n<p>Charles Carson re\u00e7oit la m\u00e9daille de la ville de S\u00e9es, des mains de Lydia Fayel.<\/p>\n<p>Vernissage de l\u2019exposition de Charles Carson<\/p>\n<p>Vendredi soir \u00e0 l\u2019h\u00f4tel de ville, en pr\u00e9sence de l\u2019artiste Charles Carson, le vernissage de l\u2019exposition de ce dernier s\u2019est tr\u00e8s bien d\u00e9roul\u00e9.<\/p>\n<p>Bernard Amiot, maire adjoint charg\u00e9 de la culture d\u00e9clarait en pr\u00e9ambule \u00abVos \u0153uvres imposent l\u2019attention, et suscitent \u00e9motions et interrogations.\u00bb Dans sa r\u00e9ponse, l\u2019artiste d\u00e9clarait \u00abj\u2019essaie de r\u00e9percuter la beaut\u00e9 du monde, car ce monde \u00e0 besoin de beaut\u00e9..\u00bb Canadien de naissance, Charles Carson a connu la c\u00e9l\u00e9brit\u00e9 hors fronti\u00e8res de son pays, avant que d\u2019\u00eatre reconnu chez lui \u00e0 la hauteur de son talent. Ce sont une vingtaine de ses toiles qui son expos\u00e9es \u00e0 l\u2019espace culturel de l\u2019h\u00f4tel de ville. L\u2019exposition est ouverte jusqu\u2019au 30 novembre aux heures habituelles d\u2019ouverture de l\u2019h\u00f4tel de ville.<\/p>\n<\/td>\n<\/tr>\n<\/tbody>\n<\/table>\n","protected":false},"excerpt":{"rendered":"<p>Journal Ouest France, l\u2019orne \u00a0\u00a0No:19210<\/p>\n<p>Mardi 13 novembre 2007<\/p>\n<p>Charles Carson re\u00e7oit la m\u00e9daille de la ville de S\u00e9es, des mains de Lydia Fayel<\/p>\n<p>Vendredi soir \u00e0 l\u2019h\u00f4tel de ville, en pr\u00e9sence de l\u2019artiste Charles Carson,\u00a0Bernard Amiot, maire adjoint charg\u00e9 de la culture d\u00e9clarait en pr\u00e9ambule \u00abVos \u0153uvres imposent l\u2019attention, et suscitent \u00e9motions et interrogations.\u00bb Dans sa r\u00e9ponse, l\u2019artiste d\u00e9clarait \u00abj\u2019essaie de r\u00e9percuter la beaut\u00e9 du monde, car ce monde \u00e0 besoin de beaut\u00e9..\u00bb Canadien de naissance, Charles Carson a connu la c\u00e9l\u00e9brit\u00e9 hors fronti\u00e8res de son pays, avant que d\u2019\u00eatre reconnu chez lui \u00e0 la hauteur de son talent. Ce sont une vingtaine de ses toiles qui son expos\u00e9es \u00e0 l\u2019espace culturel de l\u2019h\u00f4tel de ville. L\u2019exposition est ouverte jusqu\u2019au 30 novembre aux heures habituelles d\u2019ouverture de l\u2019h\u00f4tel de ville.<\/p>\n<div align=\"right\"><a href=\"https:\/\/charlescarson.com\/?p=3350&#038;catID=\" class=\"read-more\">Voir article complet&#8230;<\/a><\/div>\n","protected":false},"author":2,"featured_media":7447,"comment_status":"closed","ping_status":"closed","sticky":false,"template":"","format":"standard","meta":{"footnotes":""},"categories":[26],"tags":[],"class_list":["post-3350","post","type-post","status-publish","format-standard","has-post-thumbnail","hentry","category-prix_mentions"],"_links":{"self":[{"href":"https:\/\/charlescarson.com\/index.php?rest_route=\/wp\/v2\/posts\/3350","targetHints":{"allow":["GET"]}}],"collection":[{"href":"https:\/\/charlescarson.com\/index.php?rest_route=\/wp\/v2\/posts"}],"about":[{"href":"https:\/\/charlescarson.com\/index.php?rest_route=\/wp\/v2\/types\/post"}],"author":[{"embeddable":true,"href":"https:\/\/charlescarson.com\/index.php?rest_route=\/wp\/v2\/users\/2"}],"replies":[{"embeddable":true,"href":"https:\/\/charlescarson.com\/index.php?rest_route=%2Fwp%2Fv2%2Fcomments&post=3350"}],"version-history":[{"count":8,"href":"https:\/\/charlescarson.com\/index.php?rest_route=\/wp\/v2\/posts\/3350\/revisions"}],"predecessor-version":[{"id":7448,"href":"https:\/\/charlescarson.com\/index.php?rest_route=\/wp\/v2\/posts\/3350\/revisions\/7448"}],"wp:featuredmedia":[{"embeddable":true,"href":"https:\/\/charlescarson.com\/index.php?rest_route=\/wp\/v2\/media\/7447"}],"wp:attachment":[{"href":"https:\/\/charlescarson.com\/index.php?rest_route=%2Fwp%2Fv2%2Fmedia&parent=3350"}],"wp:term":[{"taxonomy":"category","embeddable":true,"href":"https:\/\/charlescarson.com\/index.php?rest_route=%2Fwp%2Fv2%2Fcategories&post=3350"},{"taxonomy":"post_tag","embeddable":true,"href":"https:\/\/charlescarson.com\/index.php?rest_route=%2Fwp%2Fv2%2Ftags&post=3350"}],"curies":[{"name":"wp","href":"https:\/\/api.w.org\/{rel}","templated":true}]}}