{"id":3349,"date":"2007-11-09T14:49:15","date_gmt":"2007-11-09T14:49:15","guid":{"rendered":"http:\/\/www.charlescarson.com\/?p=3349"},"modified":"2014-02-10T20:39:41","modified_gmt":"2014-02-10T20:39:41","slug":"charles-carson-invit-dhonneur-7","status":"publish","type":"post","link":"https:\/\/charlescarson.com\/?p=3349","title":{"rendered":"Charles Carson, invit\u00e9 d\u2019honneur &#8230;"},"content":{"rendered":"<table width=\"100%\" border=\"0\" cellspacing=\"0\" cellpadding=\"5\">\n<tbody>\n<tr>\n<td valign=\"top\">\n<table width=\"171\" border=\"0\" cellspacing=\"5\" cellpadding=\"0\" align=\"right\">\n<tbody>\n<tr>\n<td align=\"center\" width=\"203\"><a class=\"thickbox\" href=\"images\/bigger\/ph_1_218Image.JPG\"><img decoding=\"async\" alt=\"\" src=\"images\/ph_1_218Image.JPG\" border=\"0\" \/><\/a><\/td>\n<\/tr>\n<tr>\n<td valign=\"top\"><strong><em>Le Maire-adjoint \u00e0 la culture a ajout\u00e9 : \u00abC\u2019est un r\u00e9el plaisir et une grande fiert\u00e9 pour la municipalit\u00e9 de S\u00e9es, d\u2019accueillir Charles Carson au sein de l\u2019h\u00f4tel de ville et d&rsquo;y pr\u00e9senter ses \u0153uvres durant tout le mois de novembre 2007.<br \/>\n<\/em><\/strong><\/td>\n<\/tr>\n<\/tbody>\n<\/table>\n<p>Charles Carson, invit\u00e9 d\u2019honneur, a \u00e9t\u00e9 d\u00e9cor\u00e9 et honor\u00e9,<br \/>\nde la m\u00e9daille d\u2019honneur du m\u00e9rite de la ville de S\u00e9es, Normandie, France.<\/p>\n<p>S\u00e9es, le 9 novembre 2007 &#8211; Au nom du Maire, dans son allocution, Monsieur Bernard Amiot a soulign\u00e9 le regret du Maire de S\u00e9es \u00abde ne pas pouvoir participer \u00e0 un \u00e9v\u00e9nement qui fera date dans l\u2019histoire de l\u2019art visuel contemporain\u00bb, retenu par ses obligations d\u2019\u00e9lu, le Maire-adjoint \u00e0 la culture, monsieur Bernard Amiot, a proc\u00e9d\u00e9 aujourd&rsquo;hui en la ville de S\u00e9es, \u00e0 la remise d&rsquo;honneurs m\u00e9ritoires \u00e0 l&rsquo;endroit de l\u2019artiste peintre international Charles Carson.<\/p>\n<p>Cette m\u00e9daille d&rsquo;honneur, a \u00e9t\u00e9 remise par la secr\u00e9taire g\u00e9n\u00e9rale, Madame Lydia Fayel, pour souligner \u00e0 l\u2019endroit de l\u2019artiste, l\u2019excellence, la qualit\u00e9 et la cr\u00e9ativit\u00e9 de son oeuvre hors du commun.<\/td>\n<\/tr>\n<\/tbody>\n<\/table>\n<table width=\"100%\" border=\"0\" cellspacing=\"0\" cellpadding=\"5\">\n<tbody>\n<tr>\n<td valign=\"top\">\n<table width=\"171\" border=\"0\" cellspacing=\"5\" cellpadding=\"0\" align=\"left\">\n<tbody>\n<tr>\n<td align=\"center\" width=\"203\"><a class=\"thickbox\" href=\"images\/bigger\/ph_2_218Image.JPG\"><img decoding=\"async\" alt=\"\" src=\"images\/ph_2_218Image.JPG\" border=\"0\" \/><\/a><\/td>\n<\/tr>\n<tr>\n<td valign=\"top\"><strong><em>Charles Carson, re\u00e7oit la m\u00e9daill\u00e9 d&rsquo;honneur, par la secr\u00e9taire g\u00e9n\u00e9rale, Madame Lydia Fayel, pour souligner \u00e0 l\u2019endroit de l\u2019artiste, l\u2019excellence, la qualit\u00e9 et la cr\u00e9ativit\u00e9 de son oeuvre hors du commun.<br \/>\n<\/em><\/strong><\/td>\n<\/tr>\n<\/tbody>\n<\/table>\n<p>Le Maire-adjoint \u00e0 la culture a ajout\u00e9 : \u00abC\u2019est un r\u00e9el plaisir et une grande fiert\u00e9 pour la municipalit\u00e9 de S\u00e9es, d\u2019accueillir Charles Carson au sein de l\u2019h\u00f4tel de ville et d&rsquo;y pr\u00e9senter ses \u0153uvres durant tout le mois de novembre 2007.<br \/>\nApr\u00e8s Tourlaville o\u00f9 votre exposition a assur\u00e9ment marqu\u00e9 les esprits par la haute qualit\u00e9 des \u0153uvres pr\u00e9sent\u00e9es, puis Paris, Charles Carson, vous nous faites l\u2019honneur d\u2019exposer quelques \u0153uvres pour le bonheur des amateurs de l\u2019Art et des collectionneurs.<\/p>\n<p>Vos \u0153uvres imposent l\u2019attention et suscitent \u00e9motions et interrogations du public; juste ce que recherche l\u2019artiste. Louis Lef\u00e8vre, critique d\u2019art dans la presse cherbourgeoise titrait son papier par ce commentaire : \u00a8Une peinture \u00e9clatante de force et de luminosit\u00e9\u00a8.<\/td>\n<\/tr>\n<\/tbody>\n<\/table>\n<table width=\"100%\" border=\"0\" cellspacing=\"0\" cellpadding=\"5\">\n<tbody>\n<tr>\n<td valign=\"top\">\n<table width=\"171\" border=\"0\" cellspacing=\"5\" cellpadding=\"0\" align=\"right\">\n<tbody>\n<tr>\n<td align=\"center\" width=\"203\"><a class=\"thickbox\" href=\"images\/bigger\/ph_3_218Image.JPG\"><img decoding=\"async\" alt=\"\" src=\"images\/ph_3_218Image.JPG\" border=\"0\" \/><\/a><\/td>\n<\/tr>\n<tr>\n<td valign=\"top\"><strong><em>\u00a0<\/em><\/strong><\/td>\n<\/tr>\n<\/tbody>\n<\/table>\n<p>Pour nous, notre regard est unique. Il nous permet de porter sur l\u2019art, une vision elle aussi unique, souvent int\u00e9rieure que nous avons du mal \u00e0 exprimer tant les impressions ressenties sont un m\u00e9lange savant de sensations multiples et diverses.<\/p>\n<p>Des mosa\u00efques au carsonisme, Charles Carson n\u2019a jamais cess\u00e9 depuis avec exigence de travailler la couleur. L\u2019artiste place la couleur au c\u0153ur de son travail. L\u2019\u00e9motion vient de la couleur. La couleur fabrique l\u2019\u00e9motion, l\u2019\u00e9motion, c\u2019est l\u2019enjeu.<\/p>\n<p>Gageons que cette exceptionnelle exposition remporte aupr\u00e8s du public et des jeunes tout le succ\u00e8s et l\u2019engouement qu\u2019elle m\u00e9rite.\u00bb<\/p>\n<p>S\u00e9es le, 9 novembre 2007<\/p>\n<p>Bernard Amiot<br \/>\nMaire-adjoint \u00e0 la culture<\/td>\n<\/tr>\n<\/tbody>\n<\/table>\n","protected":false},"excerpt":{"rendered":"<p>Charles Carson, invit\u00e9 d\u2019honneur, a \u00e9t\u00e9 d\u00e9cor\u00e9 et honor\u00e9,<br \/>\nde la m\u00e9daille d\u2019honneur du m\u00e9rite de la ville de S\u00e9es, Normandie, France.<\/p>\n<p>S\u00e9es, le 9 novembre 2007 \u2013 Au nom du Maire, dans son allocution, Monsieur Bernard Amiot a soulign\u00e9 le regret du Maire de S\u00e9es \u00abde ne pas pouvoir participer \u00e0 un \u00e9v\u00e9nement qui fera date dans l\u2019histoire de l\u2019art visuel contemporain\u00bb, retenu par ses obligations d\u2019\u00e9lu, le Maire-adjoint \u00e0 la culture, monsieur Bernard Amiot, a proc\u00e9d\u00e9 aujourd\u2019hui en la ville de S\u00e9es, \u00e0 la remise d\u2019honneurs m\u00e9ritoires \u00e0 l\u2019endroit de l\u2019artiste peintre international Charles Carson.<\/p>\n<p>Cette m\u00e9daille d\u2019honneur, a \u00e9t\u00e9 remise par la secr\u00e9taire g\u00e9n\u00e9rale, Madame Lydia Fayel, pour souligner \u00e0 l\u2019endroit de l\u2019artiste, l\u2019excellence, la qualit\u00e9 et la cr\u00e9ativit\u00e9 de son oeuvre hors du commun.<\/p>\n<div align=\"right\"><a href=\"https:\/\/charlescarson.com\/?p=3349&#038;catID=\" class=\"read-more\">Voir article complet&#8230;<\/a><\/div>\n","protected":false},"author":2,"featured_media":0,"comment_status":"closed","ping_status":"closed","sticky":false,"template":"","format":"standard","meta":{"footnotes":""},"categories":[2],"tags":[],"class_list":["post-3349","post","type-post","status-publish","format-standard","hentry","category-note-biographique"],"_links":{"self":[{"href":"https:\/\/charlescarson.com\/index.php?rest_route=\/wp\/v2\/posts\/3349","targetHints":{"allow":["GET"]}}],"collection":[{"href":"https:\/\/charlescarson.com\/index.php?rest_route=\/wp\/v2\/posts"}],"about":[{"href":"https:\/\/charlescarson.com\/index.php?rest_route=\/wp\/v2\/types\/post"}],"author":[{"embeddable":true,"href":"https:\/\/charlescarson.com\/index.php?rest_route=\/wp\/v2\/users\/2"}],"replies":[{"embeddable":true,"href":"https:\/\/charlescarson.com\/index.php?rest_route=%2Fwp%2Fv2%2Fcomments&post=3349"}],"version-history":[{"count":4,"href":"https:\/\/charlescarson.com\/index.php?rest_route=\/wp\/v2\/posts\/3349\/revisions"}],"predecessor-version":[{"id":6919,"href":"https:\/\/charlescarson.com\/index.php?rest_route=\/wp\/v2\/posts\/3349\/revisions\/6919"}],"wp:attachment":[{"href":"https:\/\/charlescarson.com\/index.php?rest_route=%2Fwp%2Fv2%2Fmedia&parent=3349"}],"wp:term":[{"taxonomy":"category","embeddable":true,"href":"https:\/\/charlescarson.com\/index.php?rest_route=%2Fwp%2Fv2%2Fcategories&post=3349"},{"taxonomy":"post_tag","embeddable":true,"href":"https:\/\/charlescarson.com\/index.php?rest_route=%2Fwp%2Fv2%2Ftags&post=3349"}],"curies":[{"name":"wp","href":"https:\/\/api.w.org\/{rel}","templated":true}]}}