{"id":3325,"date":"2007-04-05T14:49:15","date_gmt":"2013-03-28T14:49:15","guid":{"rendered":"http:\/\/www.charlescarson.com\/?p=3325"},"modified":"2014-05-19T20:45:42","modified_gmt":"2014-05-19T20:45:42","slug":"salon-de-lacadmie-europenne-des-arts-france-paris-2007-7","status":"publish","type":"post","link":"https:\/\/charlescarson.com\/?p=3325","title":{"rendered":"Salon de l&rsquo;Acad\u00e9mie Europ\u00e9enne des arts France, Paris 2007"},"content":{"rendered":"<table style=\"width: 100%;\" border=\"0\" cellspacing=\"0\" cellpadding=\"5\">\n<tbody>\n<tr>\n<td valign=\"top\">\n<table style=\"width: 171px;\" border=\"0\" cellspacing=\"5\" cellpadding=\"0\" align=\"right\">\n<tbody>\n<tr>\n<td align=\"center\" width=\"203\"><a class=\"thickbox\" href=\"images\/bigger\/ph_1_184Image.JPG\"><img decoding=\"async\" alt=\"\" src=\"images\/ph_1_184Image.JPG\" border=\"0\" \/><\/a><\/td>\n<\/tr>\n<tr>\n<td valign=\"top\"><strong><em>Mme Anne Marie Laur\u00e9s, Pr\u00e9sidente du Salon en compagnie de \u00e0 Ma\u00eetre Carson, a la remise de la m\u00e9daille d\u2019or, au titre de Grand Ma\u00eetre acad\u00e9micien.<br \/>\n<\/em><\/strong><\/td>\n<\/tr>\n<\/tbody>\n<\/table>\n<p><strong><em>\u00a0<\/em><\/strong><\/p>\n<p><strong><em>Salon international de l\u2019Acad\u00e9mie Europ\u00e9enne des Arts France, 2007 , Paris.<\/em><\/strong><\/p>\n<p><strong><em><a href=\"http:\/\/www.charlescarson.com\/wp-content\/uploads\/2013\/02\/1-Paris-Salon-International-des-beaux-Arts-de-AEAF-\u00e0-Paris-\u00e0-lhonneur-laur\u00e9at-m\u00e9daille-dor-2007-En-Couverture-Charles-Carson.jpg\"><img loading=\"lazy\" decoding=\"async\" class=\"size-medium wp-image-6171 alignleft\" alt=\"1 -Paris -  Salon International des beaux Arts de AEAF \u00e0 Paris - \u00e0 l'honneur, laur\u00e9at m\u00e9daille d'or 2007 En Couverture - Charles Carson\" src=\"http:\/\/www.charlescarson.com\/wp-content\/uploads\/2013\/02\/1-Paris-Salon-International-des-beaux-Arts-de-AEAF-\u00e0-Paris-\u00e0-lhonneur-laur\u00e9at-m\u00e9daille-dor-2007-En-Couverture-Charles-Carson-205x300.jpg\" width=\"205\" height=\"300\" \/><\/a>Charles Carson, <strong>invit\u00e9 d&rsquo;honneur et\u00a0<\/strong>m\u00e9daill\u00e9 d&rsquo;or du Salon international de l\u2019Acad\u00e9mie Europ\u00e9enne des Arts France,en reconnaissance de son talent exceptionnel.<\/em><\/strong><\/p>\n<p>Bienvenue au Vernissage du Salon international de l&rsquo;Acad\u00e9mie Europ\u00e9enne des Arts-France .<\/p>\n<p><em>Mme Anne Marie Laur\u00e9s,<\/em><i><br \/>\n<em>Pr\u00e9sidente du Salon de l\u2019Acad\u00e9mie Europ\u00e9ennes des Arts France\u00a0<\/em><\/i><\/p>\n<p><strong>Ma\u00eetre Charles Carson un grand novateur, cr\u00e9ateur du courant \u00ab\u00a0le Carsonisme\u00a0\u00bb<\/strong><\/p>\n<p>Je pense que la renomm\u00e9e internationale de Charles CARSON, notre invit\u00e9 d&rsquo;honneur de ce Salon 2007 ainsi que la qualit\u00e9 exceptionnelle des oeuvres expos\u00e9es sur nos cimaises vous ont s\u00e9duit.<\/p>\n<p>Charles CARSON , cr\u00e9ateur du courant \u00a0\u00bb le Carsonisme est un novateur. Le fondateur de l&rsquo;Acad\u00e9mie internationale des Beaux Arts du QUEBEC : Louis BRUENS , historien d&rsquo;Art, d\u00e9crit tr\u00e8s bien son art \u00ab\u00a0Il s&rsquo;agit d&rsquo;une peinture distincte de tout ce qui s&rsquo;est fait, et de tout ce qui se fait \u00e0 notre \u00e9poque depuis longtemps\u00a0\u00bb.<\/p>\n<p>Laur\u00e9at en 2002 de \u00abLa grande M\u00e9daille d\u2019or de Rayonnement Universel\u00bb la plus haute distinction du Salon international des Beaux-arts de Montr\u00e9al \u00ab\u00a0en reconnaissance de son talent exceptionnel et pour marquer le couronnement de son \u0153uvre\u00a0\u00bb et en 2006 M\u00e9daille d&rsquo;OR de l&rsquo;ACAD\u00c9MIE INTERNATIONALE DES BEAUX-ARTS DU QU\u00c9BEC.\u00a0Mention d\u2019honneur lors de la neuvi\u00e8me \u00e9dition des MIM d\u2019or 2003, du Salon des technologies au Palais des Congr\u00e8s de Montr\u00e9al;<\/p>\n<p>Comment je ressens sa peinture ?<\/p>\n<p>Elle pr\u00e9sente deux facettes : d&rsquo;une part, son amour de la nature sublim\u00e9e, tant\u00f4t \u00e9voquant l&#8217;embrasement d&rsquo;un coucher de soleil, tant\u00f4t \u00e9voquant des instants de la vie animale et v\u00e9g\u00e9tale, d&rsquo;autre part traduisant dans ses oeuvres mosa\u00efques. son paysage int\u00e9rieur.\u00a0Sa peinture tonique, onirique, dans laquelle des formes vivantes se d\u00e9placent \u00e0 travers d&rsquo;autres formes, r\u00e9elles ou invent\u00e9es, un entrelac de couleurs baignant dans des superpositions habiles, et des transparences subtiles, le tout ex\u00e9cut\u00e9 en touches obliques accentuant l&rsquo;effet de mouvement et de scintillement lumineux.<\/p>\n<p>J&rsquo;ai le plaisir de d\u00e9cerner \u00e0 Charles CARSON la m\u00e9daille d&rsquo;OR, au titre de Grand Ma\u00eetre acad\u00e9micien, de L&rsquo;Acad\u00e9mie Europ\u00e9enne des Arts-France pour la qualit\u00e9 exceptionnelle des oeuvres pr\u00e9sent\u00e9es au Salon 2007 de l&rsquo;Acad\u00e8mie Europ\u00e9enne des Arts-France.<\/p>\n<p>Charles CARSON est efficacement second\u00e9 en France par Jacqueline de TORRES, galeriste et agent pour la Normandie.<\/p>\n<p>Charles CARSON est membre de l&rsquo;Acad\u00e9mie des Beaux Arts du Qu\u00e9bec et il est mandat\u00e9 pour s\u00e9lectionner cinq artistes de notre Acad\u00e9mie qui pr\u00e9senteront cinq oeuvres, celui qui sera choisi exposera dans une des plus prestigieuse galeries de MONTREAL : la \u00ab Galerie d&rsquo;Art Richelieu \u00bb pour une p\u00e9riode d&rsquo;un mois.<\/p>\n<p>Charles CARSON a \u00e9t\u00e9 choisi a titre de \u00a0jury pour 2008.<\/td>\n<\/tr>\n<\/tbody>\n<\/table>\n<table style=\"width: 100%;\" border=\"0\" cellspacing=\"0\" cellpadding=\"5\">\n<tbody>\n<tr>\n<td valign=\"top\">\n<table style=\"width: 171px;\" border=\"0\" cellspacing=\"5\" cellpadding=\"0\" align=\"left\">\n<tbody>\n<tr>\n<td align=\"center\" width=\"203\"><a class=\"thickbox\" href=\"images\/bigger\/ph_2_184Image.JPG\"><img decoding=\"async\" alt=\"\" src=\"images\/ph_2_184Image.JPG\" border=\"0\" \/><\/a><\/td>\n<\/tr>\n<tr>\n<td valign=\"top\"><strong><em>Charles Carson en compagnie de Katherine Sirois, historienne en art, Paris 2007<br \/>\n<\/em><\/strong><\/td>\n<\/tr>\n<\/tbody>\n<\/table>\n<p>Je vous remercie d&rsquo;\u00eatre aussi nombreux \u00e0 vous joindre \u00e0 nous, certains d&rsquo;entre vous viennent du Canada, d&rsquo;Allemagne, de Roumanie &#8230; et de tous les coins de l&rsquo;Hexagone. Je vous souhaite \u00e0 tous de passer une excellente soir\u00e9e dans la convivialit\u00e9 artistique.\u00a0Je salue ce soir\u00a0Madame MOREAU Maire adjointe, attach\u00e9e \u00e0 la culture du 11eme Arrondissement de Paris\u00a0Mesdames les pr\u00e9sidentes Honoraires : Monique BOURASSIN et Marion DANION\u00a0PATHE-LANCRY Pr\u00e9sidente de la Section Beaux Arts de la SNHF\u00a0Jacqueline HENRIOT Pr\u00e9sidente du Salon des Artistes Sc\u00e9ens\u00a0Bellou JAILLET Vice<\/p>\n<p>Pr\u00e9sident du Salon de Haute Loire\u00a0Patrice de la PERRIERE Directeur de la publication \u00ab\u00a0UNIVERS DES ARTS\u00a0\u00bb\u00a0Nicole LAMOTTE Critique d&rsquo;art\u00a0Simone LICHTENHAUER Responsable du salon de ZILLIHEIM-MULHOUSE\u00a0Willy KERN et UTE OERT gal\u00e9ristes de FRIBOURG en Allemagne qui exposent dans notre Salon\u00a0Je salue \u00e9galement nos nouveaux adh\u00e9rents dont beaucoup sont des artistes professionnels, de m\u00eame que nos fid\u00e8les membres dont certains sont de grandes signatures : BACHELET, BINETRUY, MESSAGER, SCHMITH, et bien d&rsquo;autres encore\u00a0Parmi les membres du conseil d&rsquo;Administration, nombre d&rsquo;entre eux ont obtenu des m\u00e9dailles et distinctions dans d&rsquo;autres salons \u00e0 PARIS et dans l&rsquo;Ile de France, je suis tr\u00e8s heureuse de leurs succ\u00e9s et je les en f\u00e9licite.<\/p>\n<p>Mireille DARMOIS a obtenu le prix Jardins de France \u00e0 la SNHF section beaux arts\u00a0JAHB : Remarqu\u00e9e aux Artistes Fran\u00e7ais, M\u00e9daille d&rsquo;Or au Salon de Chatenay Malabry sera l&rsquo;invit\u00e9e d&rsquo;Honneur de ce salon l&rsquo;an prochain.<br \/>\nJacques GUIGNARD est m\u00e9daille d&rsquo;Or du Salon du petit format de la SNHF\u00a0Claude HERRMANN, invit\u00e9 d&rsquo;Honneur au Salon AUTHENTICA a \u00e9t\u00e9 m\u00e9daille d&rsquo;Or \u00e0 Orl\u00e9ans a l&rsquo;Exposition au ch\u00e2teau de Saint Jean le Blanc<br \/>\nDaniel LUCAS, m\u00e9daille de bronze \u00e0 Chatenay Malabry est cit\u00e9 par le jury de Verri\u00e8res le Buisson\u00a0Huguette MORE est d\u00e9put\u00e9e de la r\u00e9publique libre de Montmartre\u00a0Fran\u00e7ois POCHON diplom\u00e9 de sculpture au Salon de l&rsquo;Amicale Renault \u00e0 Boulogne\u00a0PYPAUL Prix du public \u00e0 Montrouge, \u00e9tait invit\u00e9 d&rsquo;Honneur au Salon de CACHAN et a obtenu la m\u00e9daille d&rsquo;Or au Salon de la ville du Raincy : oeuvres de grands formats de la SNHF.<\/td>\n<\/tr>\n<\/tbody>\n<\/table>\n<table style=\"width: 100%;\" border=\"0\" cellspacing=\"0\" cellpadding=\"5\">\n<tbody>\n<tr>\n<td valign=\"top\">\n<table style=\"width: 171px;\" border=\"0\" cellspacing=\"5\" cellpadding=\"0\" align=\"left\">\n<tbody>\n<tr>\n<td align=\"center\" width=\"203\"><a class=\"thickbox\" href=\"images\/bigger\/ph_4_184Image.JPG\"><img decoding=\"async\" alt=\"\" src=\"images\/ph_4_184Image.JPG\" border=\"0\" \/><\/a><\/td>\n<\/tr>\n<tr>\n<td valign=\"top\"><strong><em>M. Carson entour\u00e9 de Louis Lef\u00e8vre, journaliste \u00e0 \u00ab La Presse de la Manche \u00bb avec sa conjointe Jacqueline et Mme de Torres , pr\u00e9sentant sa m\u00e9daille d\u2019or au photographe.<br \/>\n<\/em><\/strong><\/td>\n<\/tr>\n<\/tbody>\n<\/table>\n<p>Un grand merci \u00e0 Genevi\u00e8ve BACHELET, notre commissaire du Salon qui a r\u00e9alis\u00e9 avec beaucoup de courage et maestria, l&rsquo;accrochage des oeuvres, et merci aussi \u00e0 toute l&rsquo;\u00e9quipe d&rsquo;artistes b\u00e9n\u00e9voles qui se sont surpass\u00e9s pour l&rsquo;aider. Certains d&rsquo;entre vous n&rsquo;h\u00e9sitent pas \u00e0 venir chaque jour de province malgr\u00e9 les in\u00e9vitables embouteillages aux abord de la capitale, je pense en particulier \u00e0 Mireille DARMOIS, Jacques GUIGNARD et \u00e0 Christian HERRMAN<br \/>\nNous les applaudissons.<\/p>\n<p>Comme par le pass\u00e9 de nombreuses oeuvres de ce Salon sont reproduites dans la revue artistique \u00ab\u00a0Univers des Arts\u00a0\u00bb. J&rsquo;attire votre attention sur le fait que c&rsquo;est un moyen s\u00fbr de vous faire connaitre et aussi une ligne suppl\u00e9mentaire \u00e0 ajouter \u00e0 votre CV, car \u00ab Univers des Arts \u00bb touche un tr\u00e8s vaste public et en particulier les Collectionneurs et Galeristes.<br \/>\nJe remercie les services municipaux de PARIS d&rsquo;avoir diffus\u00e9 nos affiches dans la capitale de m\u00eame que les membres de l&rsquo;AEAF qui se sont charg\u00e9s de cette tache.<\/p>\n<p>Je constate avec plaisir que l&rsquo;AEAF a un succ\u00e8s croissant en FRANCE comme \u00e0 l&rsquo;Etranger, au vu du nombre de candidatures d&rsquo;artistes de plus en plus nombreux d&rsquo;ann\u00e9e en ann\u00e9e .Nous avons le plaisir de pr\u00e9senter Claudiu DIAC, peintre Roumain, originaire de BUCAREST et Patrice GOUBEAU qui vient du CANADA.\u00a0Je f\u00e9licite tous les exposants qui ont eu la chance d&rsquo;\u00eatre s\u00e9lectionn\u00e9s par le jury d&rsquo;admission qui a \u00e9t\u00e9 plus exigeant que par le pass\u00e9, pour pr\u00e9senter une ou plusieurs de leurs oeuvres<\/p>\n<p>Je vous rappelle que demain premier avril aura lieu la proclamation du Palmar\u00e8s du Concours de po\u00e9sie par Catherine BOURASSIN et la d\u00e9clamation des po\u00e8mes prim\u00e9s, en alternance avec des morceaux de musique classique et moderne ex\u00e9cut\u00e9s par de jeunes musiciens talentueux terminant leurs \u00e9tudes au Conservatoire. J&rsquo;esp\u00e8re que vous viendrez nombreux \u00e0 cette manifestation.<\/p>\n<p>Avant de proclamer le palmar\u00e8s des r\u00e9compenses du Salon, je vous informe que l&rsquo;assembl\u00e9e g\u00e9n\u00e9rale de notre association se d\u00e9roulera le samedi 19 mai \u00e0 10 H au Palais du Luxembourg, salle Gaston MONNERVILLE et sera suivie du banquet dans le Salon POURPRE du Restaurant du S\u00e9nat \u00e0 12H30.<\/p>\n<p>D\u00e8s la r\u00e9ception du dossier d\u2019inscription, je vous demande de r\u00e9pondre par retour du courrier car j\u2019ai un calendrier tr\u00e8s rigoureux \u00e0 respecter concernant les r\u00e9servations, la liste nominative des participants \u00e0 transmettre au S\u00e9nat pour l&rsquo;Assembl\u00e9e G\u00e9n\u00e9rale et le banquet, l\u2019impression des cartons nominatifs, l\u2019envoi de ces cartons aux participants en temps opportun, sans lesquels l&rsquo;entr\u00e9e leur serait refus\u00e9e. N\u2019oubliez pas qu\u2019une carte d\u2019identit\u00e9 est exig\u00e9e pour participer \u00e0 ces deux manifestations et, bien s\u00fbr, les cartons nominatifs que nous vous enverrons.<br \/>\nEt \u00e0 pr\u00e9sent je vous donne lecture du palmar\u00e8s du Salon de l\u2019AEAF de 2007.<\/td>\n<\/tr>\n<\/tbody>\n<\/table>\n","protected":false},"excerpt":{"rendered":"<p>PARIS 2007 (AEAF)<br \/>\nSalon de l&rsquo;Acad\u00e9mie Europ\u00e9enne des arts France.<\/p>\n<p>Photos: Jean Bernard POR\u00c9E<\/p>\n<p>Charles CARSON, m\u00e9daille d&rsquo;or, au titre de Grand Ma\u00eetre acad\u00e9micien du Salon International de l&rsquo;Acad\u00e9mie Europ\u00e9enne des Arts France.<\/p>\n<p>\u00abL&rsquo;art de Carson est duel: d&rsquo;une part, il traduit son amour de la nature sublim\u00e9e, \u00e9voquant l&#8217;embrasement d&rsquo;un coucher de soleil ou des instants de la vie animale et v\u00e9g\u00e9tale; d&rsquo;autre part son propre paysage int\u00e9rieur r\u00e9v\u00e9l\u00e9 de fa\u00e7on brillante dans ses oeuvres mosa\u00efques.<\/p>\n<p>Sa peinture est tonique, onirique, \u00e0 travers des formes vivantes entrecroisent d&rsquo;autres formes r\u00e9elles ou invent\u00e9es. Elle est aussi un entrelacs de couleurs baignant dans des superpositions habiles, des transparences subtiles, pos\u00e9es en touches obliques accentuant l&rsquo;effet de mouvement et de scintillement lumineux.\u00bb<\/p>\n<p>Mme Anne Marie Laur\u00e8s, Pr\u00e9sidente de (AEAF)<\/p>\n<div align=\"right\"><a href=\"https:\/\/charlescarson.com\/?p=3325&#038;catID=\" class=\"read-more\">Voir article complet&#8230;<\/a><\/div>\n","protected":false},"author":2,"featured_media":0,"comment_status":"closed","ping_status":"closed","sticky":false,"template":"","format":"standard","meta":{"footnotes":""},"categories":[26],"tags":[],"class_list":["post-3325","post","type-post","status-publish","format-standard","hentry","category-prix_mentions"],"_links":{"self":[{"href":"https:\/\/charlescarson.com\/index.php?rest_route=\/wp\/v2\/posts\/3325","targetHints":{"allow":["GET"]}}],"collection":[{"href":"https:\/\/charlescarson.com\/index.php?rest_route=\/wp\/v2\/posts"}],"about":[{"href":"https:\/\/charlescarson.com\/index.php?rest_route=\/wp\/v2\/types\/post"}],"author":[{"embeddable":true,"href":"https:\/\/charlescarson.com\/index.php?rest_route=\/wp\/v2\/users\/2"}],"replies":[{"embeddable":true,"href":"https:\/\/charlescarson.com\/index.php?rest_route=%2Fwp%2Fv2%2Fcomments&post=3325"}],"version-history":[{"count":17,"href":"https:\/\/charlescarson.com\/index.php?rest_route=\/wp\/v2\/posts\/3325\/revisions"}],"predecessor-version":[{"id":7223,"href":"https:\/\/charlescarson.com\/index.php?rest_route=\/wp\/v2\/posts\/3325\/revisions\/7223"}],"wp:attachment":[{"href":"https:\/\/charlescarson.com\/index.php?rest_route=%2Fwp%2Fv2%2Fmedia&parent=3325"}],"wp:term":[{"taxonomy":"category","embeddable":true,"href":"https:\/\/charlescarson.com\/index.php?rest_route=%2Fwp%2Fv2%2Fcategories&post=3325"},{"taxonomy":"post_tag","embeddable":true,"href":"https:\/\/charlescarson.com\/index.php?rest_route=%2Fwp%2Fv2%2Ftags&post=3325"}],"curies":[{"name":"wp","href":"https:\/\/api.w.org\/{rel}","templated":true}]}}