{"id":3305,"date":"2006-11-04T14:49:15","date_gmt":"2006-11-04T14:49:15","guid":{"rendered":"http:\/\/www.charlescarson.com\/?p=3305"},"modified":"2013-04-01T16:35:12","modified_gmt":"2013-04-01T16:35:12","slug":"3305","status":"publish","type":"post","link":"https:\/\/charlescarson.com\/?p=3305","title":{"rendered":"BIENVENUE ACADEMIA XXI 2006"},"content":{"rendered":"<table width=\"100%\" border=\"0\" cellspacing=\"0\" cellpadding=\"5\">\n<tbody>\n<tr>\n<td valign=\"top\">\n<table width=\"171\" border=\"0\" cellspacing=\"5\" cellpadding=\"0\" align=\"right\">\n<tbody>\n<tr>\n<td align=\"center\" width=\"203\"><a class=\"thickbox\" href=\"images\/bigger\/ph_1_164Image.jpg\"><img decoding=\"async\" alt=\"\" src=\"images\/ph_1_164Image.jpg\" border=\"0\" \/><\/a><\/td>\n<\/tr>\n<tr>\n<td valign=\"top\"><strong><em>BIENVENUE ACADEMIA XXI 2006 &#8211; Gala des arts visuels, pr\u00e9sent\u00e9 par Caroline Bruens et Louis bruens. Hommage \u00e0 Umberto Bruni, doyen de la peinture au Qu\u00e9bec. Nomination des Acad\u00e9miciens-conseil, des acad\u00e9miciens et remises des prix Ath\u00e9na, Akademos et Platon au mus\u00e9e des beaux-arts de Montreal.<br \/>\n<\/em><\/strong><\/td>\n<\/tr>\n<\/tbody>\n<\/table>\n<p>COMPTE RENDU DE LA SOIR\u00c9E<\/p>\n<p>On peut ais\u00e9ment affirmer que la soir\u00e9e du 4 novembre, \u00abACADEMIA XXI\u00bb fut une r\u00e9ussite totale. \u00c0 huit heures pr\u00e9cises la salle \u00e9tait \u00e0 son comble. Le public \u00e9tait compos\u00e9 d&rsquo;artistes et d&rsquo;amateurs d\u2019art visiblement impatients de conna\u00eetre les laur\u00e9ats des diff\u00e9rentes cat\u00e9gories. Le pr\u00e9sident de l\u2019Acad\u00e9mie, Monsieur Louis Bruens, a pris un engagement et une prise de position tr\u00e8s clairs comme on peut le lire ci-pr\u00e8s :<\/p>\n<p>DISCOURS DE LOUIS BRUENS AU GALA ACADEMIA XXI LE 4 NOVEMBRE 2006, AU MUS\u00c9E DES BEAUX-ARTS DE MONTR\u00c9AL.<\/p>\n<p>LOUIS BRUENS<\/p>\n<p>\u00abBonsoir Mesdames, bonsoir Messieurs,\u2026 et bonsoir les autres!<\/p>\n<p>Chaque ann\u00e9e, la t\u00e9l\u00e9vision nous offre des galas au cours desquels sont mis \u00e0 l\u2019honneur des chanteuses et des chanteurs, des com\u00e9diennes et des com\u00e9diens, des compositeurs, des r\u00e9alisateurs, des humoristes et quelques fois des \u00e9crivains. Enfin, de nombreux artistes de la sc\u00e8ne sont souvent choy\u00e9s et dorlot\u00e9s. Et c\u2019est tr\u00e8s bien ainsi d\u2019ailleurs, car la plupart de ces artistes m\u00e9ritent certainement d\u2019\u00eatre honor\u00e9s.<br \/>\nMAIS! Il y a un grand, MAIS ! Pourquoi nos peintres et nos sculpteurs ne sont-ils pas b\u00e9n\u00e9ficiaires d\u2019une telle visibilit\u00e9 ? Il est primordial d\u2019interpeller les intervenants du march\u00e9 de l\u2019art : (Nous avons heureusement ici ce soir des directrices de galeries avant-gardistes qui ont compris le d\u00e9fi du XXI\u00e8 si\u00e8cle, pour les arts visuels, elles sont ici avec nous ce soir.) Nous avons au Qu\u00e9bec, plus de 500 galeries d\u2019art, des manufacturiers, des fabricants, des importateurs et des revendeurs de mat\u00e9riel d\u2019artistes, des encadreurs, des \u00e9diteurs de livres et de magazines d\u2019art, des imprimeurs et des salles de ventes.<\/p>\n<p>Tous ces gens, gagnent de l\u2019argent gr\u00e2ce aux artistes. Ne pourraient-ils pas investir une partie de leurs profits dans des \u00e9missions t\u00e9l\u00e9vis\u00e9es ? Comment se fait-il que dans plusieurs provinces du Canada, et pas les plus riches, on assiste r\u00e9guli\u00e8rement \u00e0 des \u00e9missions culturelles au sujet des arts visuels et particuli\u00e8rement dans les provinces atlantiques. Que faisons-nous au Qu\u00e9bec pour mieux faire conna\u00eetre nos peintres et nos sculpteurs ?<\/p>\n<p>Le croiriez-vous ? \u00c0 l\u2019une des 3 grandes cha\u00eenes de t\u00e9l\u00e9vision, \u00e0 qui je proposais un concept original sur le sujet du march\u00e9 de l\u2019art, il m\u2019a \u00e9t\u00e9 r\u00e9pondu, par un cadre sup\u00e9rieur, que ce sujet n\u2019int\u00e9ressait pas leurs auditeurs et que les arts n\u2019\u00e9taient pas leur march\u00e9 cible. Il n\u2019y a l\u00e0 rien d\u2019\u00e9tonnant. Le Qu\u00e9bec est en retard de 50 ans en arts visuels sur la majorit\u00e9 des nations dites \u00abcivilis\u00e9es\u00bb.<br \/>\nAu Qu\u00e9bec, on ne semble pas savoir que les arts visuels existent depuis plus de vingt mille ans.<\/p>\n<p>L\u2019Acad\u00e9mie Internationale des Beaux-Arts du Qu\u00e9bec a pour mission principale de sensibiliser le grand public aux arts visuels, et ce, \u00e0 l\u2019\u00e9chelle nationale et internationale. Dans un proche futur, nous allons pr\u00e9parer un plan qui nous permettra de parler, \u00e0 des corporations, \u00e0 des agences de publicit\u00e9 et \u00e0 des stations de t\u00e9l\u00e9visions, au nom des milliers d\u2019artistes du Qu\u00e9bec.<\/p>\n<p>Aujourd\u2019hui, vous assisterez \u00e0 une soir\u00e9e d\u00e9di\u00e9e \u00e0 des peintres et des sculpteurs qu\u00e9b\u00e9cois, tous membres de notre Acad\u00e9mie et c\u2019est \u00e0 leur tour d\u2019\u00eatre honor\u00e9.\u00bb<\/p>\n<p>ET MAINTENANT PLACE \u00c0 L\u2019HISTOIRE\u2026<\/p>\n<p>Un court m\u00e9trage, sur 20 000 ans de l\u2019histoire de la peinture, r\u00e9alis\u00e9 et produit par Jean Letarte, acad\u00e9micien-conseil est all\u00e9 chercher sa part d\u2019applaudissement et a amen\u00e9 chaque spectateur dans une belle ambiance propre \u00e0 positionner l\u2019ACADEMIA XXI. Louis Bruens a pr\u00e9sent\u00e9 sa compagne de tous les jours, l\u2019\u00e2me de l\u2019Acad\u00e9mie tel qu\u2019il le dit ici :<\/p>\n<p>PR\u00c9SENTATION DE CAROLINE BRUENS<\/p>\n<p>\u00abElle a pass\u00e9 sa vie \u00e9troitement li\u00e9 avec le monde des arts. Pour cette personne sp\u00e9ciale, rien n\u2019est \u00e0 son \u00e9preuve lorsqu\u2019il s\u2019agit d\u2019apporter son aide aux artistes. Elle leur a toujours \u00e9t\u00e9 enti\u00e8rement d\u00e9vou\u00e9e et les membres de l\u2019Acad\u00e9mie le savent eux aussi maintenant. Non seulement elle est une sp\u00e9cialiste en arts visuels et en son march\u00e9, mais c\u2019est aussi une petite \u00abbol\u00e9e\u00bb en informatique, attach\u00e9e au \u00abbunker\u00bb 25 heures sur 24. Je vous pr\u00e9sente l\u2019\u00e2me de l\u2019Acad\u00e9mie, mon \u00e9pouse Caroline\u2026\u00bb<\/p>\n<p>C\u2019est avec beaucoup d\u2019\u00e9motion que le public a r\u00e9agi \u00e0 l\u2019interpr\u00e9tation de la chanson (ET BONJOUR \u00c0 TOI L\u2019ARTISTE ! Sur des paroles de Pierre Delano\u00eb et une musique de Jeff Barnel ) propos\u00e9e par le ma\u00eetre de c\u00e9r\u00e9monie : LUC LEFEBVRE et interpr\u00e9t\u00e9e par l\u2019excellent duo: la chanteuse Linda Dubois et la pianiste Brigitte Leclerc qui tout au long de la soir\u00e9e nous ont surpris, \u00e9mus et ont fait preuve d\u2019un rare professionnalisme.<\/p>\n<p>Un instant tr\u00e8s \u00e9mouvant a suivi alors que l\u2019assistance debout acclamait M. Umberto Bruni, notre doyen de la peinture. L\u2019ordre du Grand M\u00e9rite Acad\u00e9mique ainsi que le titre de Grand Ma\u00eetre Acad\u00e9micien lui ont \u00e9t\u00e9 d\u00e9cern\u00e9s apr\u00e8s l\u2019\u00e9loge prononc\u00e9 par Louis Bruens.<\/p>\n<p>HOMMAGE \u00c0 UMBERTO BRUNI<\/p>\n<p>\u00abPour l\u2019excellence de son \u0153uvre, sa cr\u00e9ativit\u00e9, son observance des r\u00e8gles de l&rsquo;art, le respect de l\u2019\u00e9thique et le professionnalisme dont il a fait preuve durant sa carri\u00e8re, Umberto Bruni s\u2019est r\u00e9v\u00e9l\u00e9 un artiste exceptionnel.\u00bb<\/p>\n<p>Nous avons pour ce ma\u00eetre, depuis de longues ann\u00e9es, une profonde admiration. Il est un exemple \u00e0 suivre par tous les artistes. A l\u2019\u00e2ge v\u00e9n\u00e9rable de 92 ans, il continue \u00e0 produire des \u0153uvres magnifiques, toujours appr\u00e9ci\u00e9es des collectionneurs.<\/p>\n<p>Et je lui d\u00e9die tout sp\u00e9cialement cette chanson de Mario Pelchat, \u00abLe semeur\u00bb qui colle tellement bien \u00e0 tes r\u00e9alisations Umberto. \u00bb<\/p>\n<p>Et c&rsquo;est sur ces paroles de Louis Bruens que Linda Dubois a enchain\u00e9 imm\u00e9diatement.<\/td>\n<\/tr>\n<\/tbody>\n<\/table>\n<table width=\"100%\" border=\"0\" cellspacing=\"0\" cellpadding=\"5\">\n<tbody>\n<tr>\n<td valign=\"top\">\n<table width=\"171\" border=\"0\" cellspacing=\"5\" cellpadding=\"0\" align=\"left\">\n<tbody>\n<tr>\n<td align=\"center\" width=\"203\"><a class=\"thickbox\" href=\"images\/bigger\/ph_2_164Image.jpg\"><img decoding=\"async\" alt=\"\" src=\"images\/ph_2_164Image.jpg\" border=\"0\" \/><\/a><\/td>\n<\/tr>\n<tr>\n<td valign=\"top\"><strong><em>Louis Bruens, Charles Carson, Caroline Bruens et les acad\u00e9miciens 2006<br \/>\n<\/em><\/strong><\/td>\n<\/tr>\n<\/tbody>\n<\/table>\n<p>ORDRE DU GRAND M\u00c9RITE ACAD\u00c9MIQUE<\/p>\n<p>\u00abMonsieur Bruni, c\u2019est pour l&rsquo;ensemble de votre oeuvre, dans des disciplines reconnues tels la peinture, la sculpture, le dessin et le vitrail que cet hommage vous est rendu.<br \/>\nApr\u00e8s avoir pass\u00e9 8 ann\u00e9es d\u2019\u00e9tudes et de recherche \u00e0 l\u2019\u00c9cole des beaux-arts de Montr\u00e9al, vous vous y \u00eates d\u00e9vou\u00e9 pendant plus de 20 ans comme professeur. On vous retrouve ensuite comme fondateur et directeur de la galerie d\u2019art de l\u2019universit\u00e9 du Qu\u00e9bec \u00e0 Montr\u00e9al et vous poursuivez toujours votre carri\u00e8re avec autant de passion et d\u2019amour.\u00bb<\/p>\n<p>Monsieur Bruni a re\u00e7u la m\u00e9daille d\u2019or de Grand-Ma\u00eetre, l\u2019Acad\u00e9mia XXI et son parchemin<\/p>\n<p>LOUIS BRUENS :<\/p>\n<p>\u00abC\u2019est avec une tr\u00e8s grande admiration, pour vos 79 ans de vie artistique et pour votre apport ind\u00e9niable \u00e0 la culture qu\u00e9b\u00e9coise, que nous vous prions d\u2019accepter, Monsieur Bruni, le titre de \u00abGrand Ma\u00eetre Acad\u00e9micien\u00bb.<\/p>\n<p>,tout cela parmi les fleurs, la musique et les applaudissements nourris du public, une premi\u00e8re ovation debout pour le ma\u00eetre qui laissait voir son \u00e9motion. Le public n\u2019a cess\u00e9 d\u2019applaudir M. Bruni, ce dernier c\u2019est alors adress\u00e9 au public pour parler de l\u2019avenir de l\u2019Acad\u00e9mie en termes \u00e9logieux.<\/p>\n<p>NOS ACAD\u00c9MICIENS-CONSEIL<\/p>\n<p>M.C.<\/p>\n<p>&#8230;\u00abNous savons tous que rien ne s\u2019organise sans le concours de sp\u00e9cialistes. En ce qui concerne le choix des jurys des diff\u00e9rents prix et mentions, des artistes chevronn\u00e9s ont \u00e9t\u00e9 mis \u00e0 contribution pour leurs qualit\u00e9s artistiques, leur objectivit\u00e9 et leur exp\u00e9rience.<\/p>\n<p>Ces artistes n\u2019ont pas h\u00e9sit\u00e9 \u00e0 apporter leur concours, \u00e0 la r\u00e9alisation de plusieurs projets mis de l\u2019avant par l\u2019Acad\u00e9mie et particuli\u00e8rement \u00e0 l\u2019organisation de cette soir\u00e9e. Les prochains artistes nomm\u00e9s sont pri\u00e9s de monter sur la sc\u00e8ne pour recevoir et porter dor\u00e9navant avec une fiert\u00e9 m\u00e9rit\u00e9e, le titre d\u2019acad\u00e9micien-conseil.\u00bb<\/p>\n<p>Les acad\u00e9miciens-conseil ont \u00e9t\u00e9 invit\u00e9s \u00e0 monter sur la sc\u00e8ne :<\/p>\n<p>LOUIS BRUENS :<\/p>\n<p>\u00abJe connais Cezyl Testeau depuis de nombreuses ann\u00e9es, elle a accept\u00e9 d\u2019agir comme acad\u00e9micienne-conseil. Sa r\u00e9putation d\u2019excellence n\u2019est plus \u00e0 faire, peintre surr\u00e9aliste, sortie de l\u2019\u00c9cole des beaux-arts de Strasbourg, cette grande artiste nous pr\u00e9sente depuis toujours des tableaux issus de son imagination fertile. Sa contribution artistique est un tr\u00e9sor pour l\u2019Acad\u00e9mie.\u00bb<\/p>\n<p>LOUIS BRUENS :<\/p>\n<p>\u00abLa r\u00e9putation de Michel Lapens\u00e9e n\u2019est plus \u00e0 faire, qui n\u2019a pas d\u00e9j\u00e0 admir\u00e9 ses portraits de c\u00e9l\u00e9brit\u00e9s ? Et qui n\u2019associe pas automatiquement le nom de Michel Lapens\u00e9e au Club de Hockey des Canadiens de Montr\u00e9al ? Michel a accept\u00e9 la responsabilit\u00e9 d\u2019Acad\u00e9micien-Conseil, nous sommes donc assur\u00e9s d\u2019avoir apport\u00e9 \u00e0 l\u2019Acad\u00e9mie, la collaboration d\u2019un artiste dont le professionnalisme et la sensibilit\u00e9, autant dans le portrait, les sc\u00e8nes de villes ou les natures mortes, ex\u00e9cut\u00e9s aussi bien \u00e0 l\u2019huile, \u00e0 l\u2019aquarelle qu\u2019au pastel est un symbole d\u2019excellence.\u00bb<\/p>\n<p>LOUIS BRUENS :<\/p>\n<p>\u00abJean-Marie Laberge, v\u00e9ritable globe-trotter dans sa jeunesse, \u00e9tudie la peinture dans les plus grandes institutions. Depuis 35 ans, il privil\u00e9gie la sculpture comme mode d\u2019expression symbolique et tr\u00e8s stylis\u00e9. Ce dessinateur, peintre et sculpteur \u00e9m\u00e9rite est un atout majeur pour l\u2019Acad\u00e9mie.\u00bb<\/p>\n<p>LOUIS BRUENS :<\/p>\n<p>\u00abRoland Palmaerts est actuellement en Europe, il expose dans diff\u00e9rents pays o\u00f9 il fait rayonner les actions de l\u2019AIBAQ ainsi qu\u2019il nous l\u2019a propos\u00e9. Il fait partie d\u2019une cat\u00e9gorie d\u2019artiste hors du commun. Aquarelliste et acryliste de r\u00e9putation mondiale, il est surnomm\u00e9 par ses pairs : \u00abMagicien du pinceau\u00bb.\u00bb<\/p>\n<p>LOUIS BRUENS :<\/p>\n<p>\u00abCet artiste m\u2019a un jour vraiment surpris avec un de ses tableaux et il continue encore de m\u2019\u00e9tonner. Voil\u00e0 plus de 25 ans que ce peintre d\u2019envergure internationale joue avec sa palette de couleurs vives, ses lumi\u00e8res particuli\u00e8res et son imagination fertile. 2 genres le caract\u00e9risent, le semi-figuratif et l\u2019abstractivisme. Il a donn\u00e9 naissance au \u00abCarsonisme\u00bb qui fait actuellement \u00e9cole dans plusieurs pays. Il est aussi m\u00e9daill\u00e9 de l\u2019Acad\u00e9mie Europ\u00e9enne Arts-France. Charles Carson s\u2019est impliqu\u00e9 concr\u00e8tement dans l\u2019AIBAQ depuis les tous d\u00e9buts.\u00bb<\/p>\n<p>LOUIS BRUENS :<\/p>\n<p>\u00abJean Letarte m\u00e9rite une mention tr\u00e8s particuli\u00e8re. Son d\u00e9vouement, son implication et son sentiment d\u2019appartenance \u00e0 l\u2019Acad\u00e9mie font de lui un conseiller irrempla\u00e7able.<\/p>\n<p>Form\u00e9 \u00e0 l\u2019\u00c9cole des beaux-arts de Montr\u00e9al et de Qu\u00e9bec, il enseigne le dessin \u00e0 l\u2019Universit\u00e9 de Trois-Rivi\u00e8res durant 20 ans et continue \u00e0 enseigner actuellement. Sp\u00e9cialiste de l\u2019image, il est tour \u00e0 tour, r\u00e9alisateur, dessinateur, peintre, c\u00e9ramiste, sculpteur et graveur.<\/p>\n<p>Il est le cr\u00e9ateur de la magnifique c\u00e9ramique d\u2019art qui porte le nom d\u2019ACADEMIA, elle a \u00e9t\u00e9 con\u00e7ue, r\u00e9alis\u00e9e et produite, gracieusement par ses soins. Ces \u00abACADEMIA\u00bb seront remis aux laur\u00e9ats en prix Or, Argent et Bronze au cours de cette soir\u00e9e.<\/p>\n<p>Il est aussi le r\u00e9alisateur du film de d&rsquo;ouverture \u00ab20 000 ans d\u2019histoire de l\u2019art\u00bb au d\u00e9but de la soir\u00e9e.<\/p>\n<p>Merci Jean Letarte !<\/p>\n<p>Il est important de rappeler que les Acad\u00e9miciens-conseil et des artistes professionnels, hors concours, ont fait partie de diff\u00e9rents jurys.<br \/>\nLes participants ont donc \u00e9t\u00e9 jug\u00e9s par leurs pairs, pour la qualit\u00e9 de leurs \u0153uvres, en se basant sur la table de crit\u00e8res de Louis Bruens qui comporte 5 th\u00e8mes principaux soit :<\/p>\n<p>LE GRAPHISME;<br \/>\nLA COMPOSITION;<br \/>\nLA COULEUR;<br \/>\nL\u2019IMAGINATION;<br \/>\nET L\u2019EX\u00c9CUTION G\u00c9N\u00c9RALE.<\/p>\n<p>L\u2019Acad\u00e9mie repr\u00e9sente 3 cat\u00e9gories d\u2019artistes<\/p>\n<p>Les artistes professionnels les artistes professionnels de la rel\u00e8ve,et les artistes en devenir.<\/td>\n<\/tr>\n<\/tbody>\n<\/table>\n<table width=\"100%\" border=\"0\" cellspacing=\"0\" cellpadding=\"5\">\n<tbody>\n<tr>\n<td valign=\"top\">Les gagnants dans les trois cat\u00e9gories ont re\u00e7us leurs prix ou parchemins des mains des acad\u00e9miciens-conseils.Le \u00abPRIX PLATON\u00bb est une mention d&rsquo;honneur accord\u00e9e par l&rsquo;Acad\u00e9mie \u00e0 trois artistes en devenir dont l&rsquo;\u00e9volution est remarquable et qui ont eu la faveur d\u2019un jury, pour une \u0153uvre d\u2019art de qualit\u00e9, par rapport \u00e0 leur exp\u00e9rience. L\u2019artiste en devenir est au d\u00e9but de sa carri\u00e8re<\/p>\n<p>Les tableaux que vous allez voir \u00e0 l\u2019\u00e9cran sont les \u0153uvres des candidats au Prix Platon.<\/p>\n<p>LES TABLEAUX DES CANDIDATS CI-DESSOUS ONT \u00c9T\u00c9 PROJET\u00c9S SUR GRAND \u00c9CRAN AU MUS\u00c9E DES BEAUX-ARTS DE MONTR\u00c9AL LORS DE LA SOIR\u00c9E ACADAMEMIA XXI, PLUS DE SOIXANTE-DIX ARTISTES \u00c9TAIENT PR\u00c9SENTS \u00c0 CETTE SOIR\u00c9E.<\/p>\n<p>Linda Morin &#8211; Linda Vincent &#8211; Ginette Marquis &#8211; Martine Allard &#8211; France Auger &#8211; Linda Pich\u00e9 &#8211; Val\u00e9rie Fuchs &#8211; Jocelyne Perreault &#8211; M\u00e9lanie Aucoin &#8211; Sylvie L\u00e9onard &#8211; Sonya Michel &#8211; Marie Garneau &#8211; Th\u00e9r\u00e8se Voyer &#8211; Jos\u00e9e Leblanc-Dominique &#8211; Guylaine Br\u00e9niel<\/p>\n<p>Madame CEZYL TESTEAU ouvert la premi\u00e8re enveloppe : \u00abDans la cat\u00e9gorie \u00ab ARTISTES EN DEVENIR \u00bb le jury a s\u00e9lectionn\u00e9 3 \u0153uvres qui m\u00e9ritent le Prix PLATON. Les auteurs de ces \u0153uvres ont \u00e9t\u00e9 choisis pour leur constance et leur \u00e9volution artistique.<br \/>\nLes gagnants sont :<\/p>\n<p>En 3\u00e8 place nous avons une petite surprise, une \u00e9galit\u00e9 : M\u00e9lanie Aucoin. Ex Aequo avec \u2026Marie Garneau \u2026 et Linda Morin<\/p>\n<p>En 2\u00e8 place Ginette Marquis<\/p>\n<p>Et la premi\u00e8re place revient \u00e0 : \u2026 Sonya Michel<\/p>\n<p>LE PRIX AKADEMOS<\/p>\n<p>PUIS CE FUT AU TOUR DE MICHEL LAPENS\u00c9E : \u00abLe \u00abPrix Akademos\u00bb est une distinction accord\u00e9e \u00e0 des artistes professionnels de la rel\u00e8ve. Ils seront les premiers ce soir, \u00e0 recevoir un \u00abAcademia argent\u00bb et un \u00abAcademia bronze\u00bb. Leurs \u0153uvres ayant \u00e9t\u00e9 pr\u00e9sent\u00e9es et reconnues par un jury comme des oeuvres de qualit\u00e9.\u00bb<\/p>\n<p>PROJECTION DU GROUPE DE TABLEAUX \u00abGROUPE AKADEMOS\u00bb<\/p>\n<p>MARIE-DOMINIQUE B\u00c9DARD, FRANCE BEAULIEU, ANNE BERGERON, ANDR\u00c9 CHATELAIN, FRANCE GAUCHER, MICHELINE GU\u00c9RARD, JOHANNE LAROUCHE, JOCELYNE LEMAY, JULIE LESAGE, MARTHA PEARSON, LOUISETTE PERREAULT<\/p>\n<p>MICHEL LAPENS\u00c9E : \u00abDans la cat\u00e9gorie \u00ab Artiste professionnel de la rel\u00e8ve \u00bb Pour le prix AKADEMOS, le jury a s\u00e9lectionn\u00e9 des \u0153uvres qui m\u00e9ritent un \u00abACADEMIA ARGENT\u00bb et un \u00abACADEMIA BRONZE\u00bb. Ces \u0153uvres ont \u00e9t\u00e9 choisies pour leur qualit\u00e9 picturale.<\/p>\n<p>Les gagnants sont : \u00bb<\/p>\n<p>MICHEL LAPENS\u00c9E :<\/p>\n<p>La gagnante pour l\u2019Akademos Bronze est : Julie Lesage<\/p>\n<p>MICHEL LAPENS\u00c9E : L\u2019Akademos Argent sera remis \u00e0 : Andr\u00e9 Chatelain<\/p>\n<p>Une phrase musicale solennelle a r\u00e9sonn\u00e9 \u00e0 quatre reprises, chaque fois qu\u2019une bourse de 500$ \u00e9tait remise \u00e0 un artiste par des directrices des galeries membres de l\u2019Acad\u00e9mie.<\/p>\n<p>BOURSE LAMOUREUX RITZENHOFF (MONTR\u00c9AL)<\/p>\n<p>M.C. : \u00abJ\u2019invite Madame Marie-France Lamoureux de la galerie Lamoureux-Ritzenhoff, de Montr\u00e9al, \u00e0 monter sur la sc\u00e8ne, car elle r\u00e9serve une belle surprise \u00e0 un ou une artiste.\u00bb<\/p>\n<p>Marie-France Lamoureux :<\/p>\n<p>\u00abLa galerie \u00abLAMOUREUX-RITZENHOFF\u00bb offre un prix sp\u00e9cial \u00e0 une artiste de la rel\u00e8ve dont l\u2019imagination et la cr\u00e9ativit\u00e9 lui ont permis de cr\u00e9er des \u0153uvres surr\u00e9alistes particuli\u00e8res, humoristiques, originales et tr\u00e8s hautes en couleurs.\u00bb<\/p>\n<p>MARIE-FRANCE LAMOUREUX : France Beaulieu, il me fait plaisir de vous remettre une bourse de 500 $ offerte par la galerie Lamoureux-Ritzenhoff\u00bb<\/p>\n<p>LE PRIX SCULPTURA<\/p>\n<p>Le \u00abPRIX SCULPTURA\u00bb est une distinction \u00abACADEMIA ARGENT\u00bb ou \u00abACADEMIA BRONZE\u00bb accompagn\u00e9e d\u2019un dipl\u00f4me honorifique, accord\u00e9s par ses pairs \u00e0 un artiste professionnel pour une sculpture reconnue par un jury.<\/p>\n<p>JEAN-MARIE LABERGE : \u00abLe PRIX SCULPTURA BRONZE est remis \u00e0 Daniel P. Simard, artiste de la rel\u00e8ve. Cet artiste fait preuve d\u2019originalit\u00e9 et de cr\u00e9ativit\u00e9 dans son \u0153uvre. C\u2019est un artiste multidisciplinaire peintre et sculpteur.<\/p>\n<p>Et le PRIX SCULPTURA ARGENT VA \u00c0 :<\/p>\n<p>Hermine, artiste de la cat\u00e9gorie professionnelle, elle aussi peintre et sculpteure. Elle nous pr\u00e9sente toujours de magnifiques cr\u00e9ations qui ont s\u00e9duit les membres d\u2019un jury.\u00bb<\/p>\n<p>BOURSE \u00abGALERIE RICHELIEU\u00bb (MONTR\u00c9AL)<\/p>\n<p>Une bourse est accord\u00e9e par la Galerie Richelieu, de Montr\u00e9al, \u00e0 un artiste de la rel\u00e8ve pour la qualit\u00e9 exceptionnelle de ses \u0153uvres.<\/p>\n<p>COLETTE RICHELIEU : \u00abArtiste autodidacte de la rel\u00e8ve, cr\u00e9ateur d\u2019une m\u00e9thode de dessin caract\u00e9ristique, vous \u00eates aussi un artiste-peintre de qualit\u00e9.<br \/>\nVotre sculpture \u00abLes joutes m\u00e9di\u00e9vales\u00bb s\u2019est vue reconnues parmi les \u0153uvres de la cat\u00e9gorie professionnelle de plus de cinq ans sur le march\u00e9 par le jury et par le public. Pour ces raisons, la galerie Richelieu vous offre une bourse de 500$. \u00bb<\/p>\n<p>MURALE POUR LA PAIX, par Andr\u00e9 Bouchard<\/p>\n<p>Une surprise de taille attendait les amateurs d&rsquo;art et c&rsquo;est avec une grande fiert\u00e9 qu&rsquo;Andr\u00e9 Bouchard a descendu le grand escalier pour recevoir un PRIX ATHENA ARGENT. Cet artiste s&rsquo;est m\u00e9rit\u00e9 l&rsquo;argent, car, tout comme la d\u00e9esse du combat, protectrice d&rsquo;Ath\u00e8nes, Andr\u00e9 Bouchard a cr\u00e9\u00e9, lui, pour prot\u00e9ger notre plan\u00e8te, une murale qui mesure plus de 80 m\u00e8tres de longueur et 1 m\u00e8tre 75 de hauteur, qui soutient des causes humanitaires et environnementales.<\/p>\n<p>C&rsquo;est en plusieurs tableaux que la murale a \u00e9t\u00e9 pr\u00e9sent\u00e9e.<\/p>\n<p>Voil\u00e0 un artiste sensible et humain que l&rsquo;Acad\u00e9mie est fi\u00e8re de compter dans ses rangs. Andr\u00e9 Bouchard, confront\u00e9 \u00e0 la destruction de notre environnement, aux violences faites aux enfants, aux femmes et aux hommes \u00e0 travers la plan\u00e8te agit et m\u00e8ne un combat, il se r\u00e9volte et c&rsquo;est pour toute son action et pour la gigantesque murale qu&rsquo;il a cr\u00e9\u00e9e sous le titre de : Murale pour la paix qu&rsquo;il a retenu l&rsquo;attention de l&rsquo;Acad\u00e9mie.<\/p>\n<p>Le centre de la Murale pour la paix est devenu l\u2019affiche : \u00abPour un monde sans torture\u00bb d\u2019Amnistie internationale, dans le cadre de leur campagne mondiale. C\u2019est \u00e0 partir de cette m\u00eame affiche qu\u2019Andr\u00e9 Bouchard a cr\u00e9\u00e9 le site web Sauvons Safia, une Nig\u00e9rienne que l\u2019on voulait lapider.<\/td>\n<\/tr>\n<\/tbody>\n<\/table>\n","protected":false},"excerpt":{"rendered":"<p>BIENVENUE ACADEMIA XXI 2006 &#8211; Gala des arts visuels, pr\u00e9sent\u00e9 par Caroline Bruens et Louis bruens. Hommage \u00e0 Umberto Bruni, doyen de la peinture au Qu\u00e9bec. Nomination des Acad\u00e9miciens-conseil, des acad\u00e9miciens et remises des prix Ath\u00e9na, Akademos et Platon au mus\u00e9e des beaux-arts de Montreal. COMPTE RENDU DE LA SOIR\u00c9E On peut ais\u00e9ment affirmer que la soir\u00e9e du 4 novembre, \u00abACADEMIA XXI\u00bb fut une r\u00e9ussite totale. \u00c0 huit heures pr\u00e9cises la salle \u00e9tait \u00e0 son [&hellip;]<\/p>\n<div align=\"right\"><a href=\"https:\/\/charlescarson.com\/?p=3305&#038;catID=\" class=\"read-more\">Voir article complet&#8230;<\/a><\/div>\n","protected":false},"author":2,"featured_media":0,"comment_status":"closed","ping_status":"closed","sticky":false,"template":"","format":"standard","meta":{"footnotes":""},"categories":[2],"tags":[],"class_list":["post-3305","post","type-post","status-publish","format-standard","hentry","category-note-biographique"],"_links":{"self":[{"href":"https:\/\/charlescarson.com\/index.php?rest_route=\/wp\/v2\/posts\/3305","targetHints":{"allow":["GET"]}}],"collection":[{"href":"https:\/\/charlescarson.com\/index.php?rest_route=\/wp\/v2\/posts"}],"about":[{"href":"https:\/\/charlescarson.com\/index.php?rest_route=\/wp\/v2\/types\/post"}],"author":[{"embeddable":true,"href":"https:\/\/charlescarson.com\/index.php?rest_route=\/wp\/v2\/users\/2"}],"replies":[{"embeddable":true,"href":"https:\/\/charlescarson.com\/index.php?rest_route=%2Fwp%2Fv2%2Fcomments&post=3305"}],"version-history":[{"count":3,"href":"https:\/\/charlescarson.com\/index.php?rest_route=\/wp\/v2\/posts\/3305\/revisions"}],"predecessor-version":[{"id":3684,"href":"https:\/\/charlescarson.com\/index.php?rest_route=\/wp\/v2\/posts\/3305\/revisions\/3684"}],"wp:attachment":[{"href":"https:\/\/charlescarson.com\/index.php?rest_route=%2Fwp%2Fv2%2Fmedia&parent=3305"}],"wp:term":[{"taxonomy":"category","embeddable":true,"href":"https:\/\/charlescarson.com\/index.php?rest_route=%2Fwp%2Fv2%2Fcategories&post=3305"},{"taxonomy":"post_tag","embeddable":true,"href":"https:\/\/charlescarson.com\/index.php?rest_route=%2Fwp%2Fv2%2Ftags&post=3305"}],"curies":[{"name":"wp","href":"https:\/\/api.w.org\/{rel}","templated":true}]}}