{"id":3299,"date":"2006-11-05T14:49:14","date_gmt":"2006-11-05T14:49:14","guid":{"rendered":"http:\/\/www.charlescarson.com\/?p=3299"},"modified":"2013-06-12T19:15:37","modified_gmt":"2013-06-12T19:15:37","slug":"magazinart-dition-internationale-automne-2006-no-73-4","status":"publish","type":"post","link":"https:\/\/charlescarson.com\/?p=3299","title":{"rendered":"Magazin&rsquo;art \u00e9dition internationale, Automne 2006, No, 73"},"content":{"rendered":"<table style=\"width: 100%;\" border=\"0\" cellspacing=\"0\" cellpadding=\"5\">\n<tbody>\n<tr>\n<td valign=\"top\">\n<table style=\"width: 171px;\" border=\"0\" cellspacing=\"5\" cellpadding=\"0\" align=\"right\">\n<tbody>\n<tr>\n<td align=\"center\" width=\"203\"><a class=\"thickbox\" href=\"images\/bigger\/ph_1_160Image.JPG\"><img decoding=\"async\" alt=\"\" src=\"images\/ph_1_160Image.JPG\" border=\"0\" \/><\/a><\/td>\n<\/tr>\n<tr>\n<td valign=\"top\"><strong><em>Magazin&rsquo;art \u00e9dition internationale, Automne 2006, No, 73<br \/>\n<\/em><\/strong><\/td>\n<\/tr>\n<\/tbody>\n<\/table>\n<p>Magazin&rsquo;art \u00e9dition internationale,<br \/>\nAutomne 2006, No, 73<\/p>\n<p>Grande rencontre des artistes \u00a0le dimanche 5 novembre 2006<\/p>\n<p>Artiste pr\u00e9sents; Charles Carson, Natalia charapova, Yvette Froment, H\u00e9l\u00e8ne Jarry, Luce Lamoureux, Yvon Lemieux, Pei Yang, \u00c9tienne Cot\u00e9, Marie andr\u00e9e Leblond, Gilles B\u00e9dard.<\/p>\n<p>Un \u00e9v\u00e8nement \u00e0 ne pas manquer.<\/td>\n<\/tr>\n<\/tbody>\n<\/table>\n<table style=\"width: 100%;\" border=\"0\" cellspacing=\"0\" cellpadding=\"5\">\n<tbody>\n<tr>\n<td valign=\"top\">\n<table style=\"width: 171px;\" border=\"0\" cellspacing=\"5\" cellpadding=\"0\" align=\"left\">\n<tbody>\n<tr>\n<td align=\"center\" width=\"203\"><a class=\"thickbox\" href=\"images\/bigger\/ph_2_160Image.JPG\"><img decoding=\"async\" alt=\"\" src=\"images\/ph_2_160Image.JPG\" border=\"0\" \/><\/a><\/td>\n<\/tr>\n<tr>\n<td valign=\"top\"><strong><em>Magazin&rsquo;art \u00e9dition internationale, Automne 2006<\/em><\/strong><\/td>\n<\/tr>\n<\/tbody>\n<\/table>\n<p><strong>Charles Carson,\u00a0Grand Ma\u00eetre de l&rsquo;Art Contemporain<\/strong><\/p>\n<p><strong>Membre du jury officiel de\u00a0AEAF et AIBAQ<\/strong><\/p>\n<p><strong>Paris &#8211; 2006,\u00a0<em id=\"__mceDel\">M\u00e9daill\u00e9 du Salon international de l&rsquo;Acad\u00e9mie Europ\u00e9enne des Arts France, en reconnaissance de son talent exceptionnel.<\/em><\/strong><\/p>\n<p><em id=\"__mceDel\" style=\"line-height: 19px;\">\u00abCarson est un novateur, de renomm\u00e9e internationale. Oeuvre lumineuse, onirique, tonique, une mosa\u00efque de couleurs dans lesquelles des formes vivantes se d\u00e9placent \u00e0 travers d\u2019autres formes, un entrelacs de couleurs baignant dans des superpositions habiles et des transparences subtiles, le tout balay\u00e9 par des touches obliques accentuant l\u2019effet de mouvement.\u00bb<\/em><\/p>\n<p>Mme Anne Marie Laur\u00e8s, Pr\u00e9sidente de (AEAF)<\/p>\n<p><strong>Soir\u00e9e ACAD\u00c9MIA XXI &#8211; Mus\u00e9e des beaux-arts de Montr\u00e9al &#8211; samedi 4 novembre 2006<\/strong><\/p>\n<p><strong>Charles Carson, membre du jury de l&rsquo;Acad\u00e9mie Internationale des Beaux-Arts du Qu\u00e9bec<\/strong><\/td>\n<\/tr>\n<\/tbody>\n<\/table>\n<table style=\"width: 100%;\" border=\"0\" cellspacing=\"0\" cellpadding=\"5\">\n<tbody>\n<tr>\n<td valign=\"top\">\n<table style=\"width: 171px;\" border=\"0\" cellspacing=\"5\" cellpadding=\"0\" align=\"right\">\n<tbody>\n<tr>\n<td align=\"center\" width=\"203\"><a class=\"thickbox\" href=\"images\/bigger\/ph_3_160Image.JPG\"><img decoding=\"async\" alt=\"\" src=\"images\/ph_3_160Image.JPG\" border=\"0\" \/><\/a><\/td>\n<\/tr>\n<tr>\n<td valign=\"top\"><strong><em>Magazin&rsquo;art \u00e9dition internationale, Automne 2006, No, 73- page 42<br \/>\n<\/em><\/strong><\/td>\n<\/tr>\n<\/tbody>\n<\/table>\n<p>\u00abL&rsquo;Art de peindre est d&rsquo;oublier la mati\u00e8re, cette derni\u00e8re n&rsquo;existe pas&#8230;elle n&rsquo;est plus qu&rsquo;ombres, lumi\u00e8res et couleurs aux reflets multiples.\u00bb\u00a0Charles Carson<\/p>\n<p>Charles Carson est repr\u00e9sent\u00e9 en permanence \u00e0 la :<\/p>\n<p><strong>Galerie d&rsquo;art Richelieu inc.<\/strong><br \/>\n7903 rue St-Denis<br \/>\nMontr\u00e9al, Qc.<br \/>\nT\u00e9l: (514) 381-2247<\/td>\n<\/tr>\n<\/tbody>\n<\/table>\n<table style=\"width: 100%;\" border=\"0\" cellspacing=\"0\" cellpadding=\"5\">\n<tbody>\n<tr>\n<td valign=\"top\">Charles carson, est aussi repr\u00e9sent\u00e9 en Europe, aux \u00c9tats-unis et en Am\u00e9rique du Sud<\/td>\n<\/tr>\n<\/tbody>\n<\/table>\n","protected":false},"excerpt":{"rendered":"<p>Magazin&rsquo;art \u00e9dition internationale, Automne 2006, No, 73<\/p>\n<p>Charles Carson,<br \/>\nGrand Ma\u00eetre de l&rsquo;Art Contemporain<\/p>\n<p>Membre du jury officiel<br \/>\nAEAF et AIBAQ<\/p>\n<p>Paris &#8211; 2006 \u00a0Ma\u00eetre Carson, m<em id=\"__mceDel\">\u00e9daill\u00e9 d&rsquo;honneur du Salon international de l&rsquo;Acad\u00e9mie Europ\u00e9enne des Arts france, en reconnaissance de son talent exceptionnel.<\/em><\/p>\n<p>\u00abCarson est un novateur, de renomm\u00e9e internationale. Oeuvre lumineuse, onirique, tonique, une mosa\u00efque de couleurs dans lesquelles des formes vivantes se d\u00e9placent \u00e0 travers d\u2019autres formes, un entrelacs de couleurs baignant dans des superpositions habiles et des transparences subtiles, le tout balay\u00e9 par des touches obliques accentuant l\u2019effet de mouvement.\u00bb<\/p>\n<p>Mme Anne Marie Laur\u00e8s, Pr\u00e9sidente de (AEAF)<\/p>\n<p>Soir\u00e9e ACAD\u00c9MIA XXI &#8211; Mus\u00e9e des beaux-arts de Montr\u00e9al &#8211; samedi 4 novembre 2006<\/p>\n<p>Charles Carson, membre du jury de l&rsquo;Acad\u00e9mie Internationale des Beaux-Arts du Qu\u00e9bec<\/p>\n<div align=\"right\"><a href=\"https:\/\/charlescarson.com\/?p=3299&#038;catID=\" class=\"read-more\">Voir article complet&#8230;<\/a><\/div>\n","protected":false},"author":2,"featured_media":0,"comment_status":"closed","ping_status":"closed","sticky":false,"template":"","format":"standard","meta":{"footnotes":""},"categories":[28,2],"tags":[],"class_list":["post-3299","post","type-post","status-publish","format-standard","hentry","category-livres","category-note-biographique"],"_links":{"self":[{"href":"https:\/\/charlescarson.com\/index.php?rest_route=\/wp\/v2\/posts\/3299","targetHints":{"allow":["GET"]}}],"collection":[{"href":"https:\/\/charlescarson.com\/index.php?rest_route=\/wp\/v2\/posts"}],"about":[{"href":"https:\/\/charlescarson.com\/index.php?rest_route=\/wp\/v2\/types\/post"}],"author":[{"embeddable":true,"href":"https:\/\/charlescarson.com\/index.php?rest_route=\/wp\/v2\/users\/2"}],"replies":[{"embeddable":true,"href":"https:\/\/charlescarson.com\/index.php?rest_route=%2Fwp%2Fv2%2Fcomments&post=3299"}],"version-history":[{"count":11,"href":"https:\/\/charlescarson.com\/index.php?rest_route=\/wp\/v2\/posts\/3299\/revisions"}],"predecessor-version":[{"id":3938,"href":"https:\/\/charlescarson.com\/index.php?rest_route=\/wp\/v2\/posts\/3299\/revisions\/3938"}],"wp:attachment":[{"href":"https:\/\/charlescarson.com\/index.php?rest_route=%2Fwp%2Fv2%2Fmedia&parent=3299"}],"wp:term":[{"taxonomy":"category","embeddable":true,"href":"https:\/\/charlescarson.com\/index.php?rest_route=%2Fwp%2Fv2%2Fcategories&post=3299"},{"taxonomy":"post_tag","embeddable":true,"href":"https:\/\/charlescarson.com\/index.php?rest_route=%2Fwp%2Fv2%2Ftags&post=3299"}],"curies":[{"name":"wp","href":"https:\/\/api.w.org\/{rel}","templated":true}]}}