{"id":3272,"date":"2002-03-28T14:49:14","date_gmt":"2002-03-28T14:49:14","guid":{"rendered":"http:\/\/www.charlescarson.com\/?p=3272"},"modified":"2016-01-06T19:13:14","modified_gmt":"2016-01-06T19:13:14","slug":"charles-carson-est-considr-par-la-critique-comme-un-des-grands-peintres-contemporains-actuel-4","status":"publish","type":"post","link":"https:\/\/charlescarson.com\/?p=3272","title":{"rendered":"Charles Carson est consid\u00e9r\u00e9 par la critique comme un des plus grands peintres contemporains actuel."},"content":{"rendered":"<div id=\"attachment_3999\" style=\"width: 138px\" class=\"wp-caption alignright\"><a href=\"http:\/\/www.charlescarson.com\/wp-content\/uploads\/2013\/04\/resize2004672.jpg\"><img loading=\"lazy\" decoding=\"async\" aria-describedby=\"caption-attachment-3999\" class=\"size-thumbnail wp-image-3999 \" src=\"http:\/\/www.charlescarson.com\/wp-content\/uploads\/2013\/04\/resize2004672-128x150.jpg\" alt=\"Lise Grondine est historienne d\u2019art dipl\u00f4m\u00e9e (Baccalaur\u00e9at sp\u00e9cialis\u00e9 en histoire de l\u2019art et un Majeur en arts plastiques) de l\u2019Universit\u00e9 de Montr\u00e9al. Plusieurs \u00e9tudes \u00e0 l\u2019Universit\u00e9 McGill dans le cadre de sa Ma\u00eetrise, et dipl\u00f4m\u00e9e par l\u2019acad\u00e9mie fran\u00e7aise, des Arts des sciences et des lettres \u00e0 Paris.\" width=\"128\" height=\"150\" srcset=\"https:\/\/www.charlescarson.com\/wp-content\/uploads\/2013\/04\/resize2004672-128x150.jpg 128w, https:\/\/www.charlescarson.com\/wp-content\/uploads\/2013\/04\/resize2004672-85x100.jpg 85w, https:\/\/www.charlescarson.com\/wp-content\/uploads\/2013\/04\/resize2004672.jpg 171w\" sizes=\"auto, (max-width: 128px) 100vw, 128px\" \/><\/a><p id=\"caption-attachment-3999\" class=\"wp-caption-text\">Lise Grondine est historienne d\u2019art dipl\u00f4m\u00e9e (Baccalaur\u00e9at sp\u00e9cialis\u00e9 en histoire de l\u2019art et un Majeur en arts plastiques) de l\u2019Universit\u00e9 de Montr\u00e9al. Plusieurs \u00e9tudes \u00e0 l\u2019Universit\u00e9 McGill dans le cadre de sa Ma\u00eetrise, et dipl\u00f4m\u00e9e par l\u2019acad\u00e9mie fran\u00e7aise, des Arts des sciences et des lettres \u00e0 Paris.<\/p><\/div>\n<p><strong>Salon International des Beaux-Arts de Montr\u00e9al \/ 2002<\/strong><\/p>\n<p>(Saibam Automne 2002)<\/p>\n<p><strong>Charles Carson s&rsquo;est vu d\u00e9cern\u00e9 la M\u00e9daill\u00e9 d\u2019or du Salon international des Beaux-Arts de Montr\u00e9al (automne 2002).<\/strong><\/p>\n<p>Cette artiste de r\u00e9putation internationale c\u2019est vu octroyer la plus haute distinction de ce Salon qui honore chaque ann\u00e9e, deux artistes invit\u00e9s d\u2019honneur, en reconnaissance de leur talent exceptionnel et pour marquer le couronnement de leur \u0152uvres !<\/p>\n<p><a href=\"http:\/\/www.charlescarson.com\/wp-content\/uploads\/2002\/03\/53-pages-Salon-des-Beaux-Arts-de-Montr\u00e9al-2002.jpg\"><img loading=\"lazy\" decoding=\"async\" class=\"size-medium wp-image-7184 alignleft\" src=\"http:\/\/www.charlescarson.com\/wp-content\/uploads\/2002\/03\/53-pages-Salon-des-Beaux-Arts-de-Montr\u00e9al-2002-231x300.jpg\" alt=\"53 pages     Salon des Beaux Arts de Montr\u00e9al 2002\" width=\"231\" height=\"300\" \/><\/a><\/p>\n<p><strong>*Lise Grondine, pr\u00e9sidente du Salon.<\/strong><\/p>\n<p><strong>\u00ab\u00a0Je pense, sans un doute, que Charles Carson sera un des plus grands peintres abstraits contemporains de ce si\u00e8cle.\u00a0\u00bb<\/strong><\/p>\n<p>\u00ab Ma\u00eetre Carson, votre apport dans le domaine des Arts, votre cr\u00e9ation de ce style magnifique, le \u00abCarsonisme\u00bb, votre tr\u00e8s grande sensibilit\u00e9 artistique, la grande beaut\u00e9 de vos toiles, votre r\u00e9ussite et renomm\u00e9e vous placent au premier rang de \u00abl\u2019avant garde \u00bb sur la sc\u00e8ne artistique canadienne et international et font de vous \u00ab l\u2019artiste par excellence !! \u00bb. Je vous assure, Monsieur Carson, vous \u00eates \u00e9blouissant!<\/p>\n<p>Quand on regarde un livre d\u2019art et qu\u2019on tombe sur vous, avouez que vous vous distinguez quelque chose de rare et que la barre est haute !! C\u2019est Magnifique !<\/p>\n<p>Je pense que tout le monde s\u2019entend pour dire que les \u0153uvres abstraites et semi-figuratives du mouvement carsonisme de Carson r\u00e9v\u00e8lent une parfaite ma\u00eetrise et qu\u2019elles peuvent \u00eatre consid\u00e9r\u00e9es comme des pi\u00e8ces ma\u00eetresses en Art abstrait contemporain, au monde. Elles sont rafra\u00eechissantes, puissamment ex\u00e9cut\u00e9es et d\u2019une rare expression.<\/p>\n<p>Je pense aussi, sans un doute, que Charles Carson sera un des plus grands peintres abstraits contemporains de ce si\u00e8cle. Cette affirmation est la plus grande marque de reconnaissance \u00e0 un talent exceptionnel, un t\u00e9moignage que je n\u2019ai jamais rendu \u00e0 personne \u00e0 ce jour.\u00bb<\/p>\n<p>*Lise Grondine est historienne d\u2019art dipl\u00f4m\u00e9e (Baccalaur\u00e9at sp\u00e9cialis\u00e9 en histoire de l\u2019art et un Majeur en arts plastiques) de l\u2019Universit\u00e9 de Montr\u00e9al. Plusieurs \u00e9tudes \u00e0 l\u2019Universit\u00e9 McGill dans le cadre de sa Ma\u00eetrise, et dipl\u00f4m\u00e9e par l\u2019acad\u00e9mie fran\u00e7aise, des Arts des sciences et des lettres \u00e0 Paris.<\/p>\n<p><strong>NOUVELLE TVA<\/strong><\/p>\n<p>L&rsquo;explorateur Urbain<\/p>\n<p><iframe loading=\"lazy\" title=\"TVA - L&#039;explorateur Urbain - Dominic Arpin - Ma\u00eetre Carson\" width=\"584\" height=\"329\" src=\"https:\/\/www.youtube.com\/embed\/JSEFsgefCk4?feature=oembed\" frameborder=\"0\" allow=\"accelerometer; autoplay; clipboard-write; encrypted-media; gyroscope; picture-in-picture; web-share\" referrerpolicy=\"strict-origin-when-cross-origin\" allowfullscreen><\/iframe><\/p>\n<p>&nbsp;<\/p>\n","protected":false},"excerpt":{"rendered":"<p>Lise Grondine est historienne d\u2019art dipl\u00f4m\u00e9e (Baccalaur\u00e9at sp\u00e9cialis\u00e9 en histoire de l\u2019art et un Majeur en arts plastiques) de l\u2019Universit\u00e9 de Montr\u00e9al. Plusieurs \u00e9tudes \u00e0 l\u2019Universit\u00e9 McGill dans le cadre de sa Ma\u00eetrise, et dipl\u00f4m\u00e9e par l\u2019acad\u00e9mie fran\u00e7aise, des Arts des sciences et des lettres \u00e0 Paris.<\/p>\n<p>\u00ab Ma\u00eetre Carson, votre apport dans le domaine des Arts, votre cr\u00e9ation de ce style magnifique, le \u00abCarsonisme\u00bb, votre tr\u00e8s grande sensibilit\u00e9 artistique, la grande beaut\u00e9 de vos toiles, votre r\u00e9ussite et renomm\u00e9e vous placent au premier rang de \u00abl\u2019avant garde \u00bb sur la sc\u00e8ne artistique canadienne et international et font de vous \u00ab l\u2019artiste par excellence !! \u00bb. Je vous assure, Monsieur Carson, vous \u00eates \u00e9blouissant!<\/p>\n<p>Quand on regarde un livre d\u2019art et qu\u2019on tombe sur vous, avouez que vous vous distinguez quelque chose de rare et que la barre est haute !! C\u2019est Magnifique !<\/p>\n<p>Je pense que tout le monde s\u2019entend pour dire que les \u0153uvres abstraites et semi-figuratives du mouvement carsonisme de Carson r\u00e9v\u00e8lent une parfaite ma\u00eetrise et qu\u2019elles peuvent \u00eatre consid\u00e9r\u00e9es comme des pi\u00e8ces ma\u00eetresses en Art abstrait contemporain, au monde. Elles sont rafra\u00eechissantes, puissamment ex\u00e9cut\u00e9es et d\u2019une rare expression.<\/p>\n<p>Je pense aussi, sans un doute, que Charles Carson sera un des plus grands peintres abstraits contemporains de ce si\u00e8cle. Cette affirmation est la plus grande marque de reconnaissance \u00e0 un talent exceptionnel, un t\u00e9moignage que je n\u2019ai jamais rendu \u00e0 personne \u00e0 ce jour.\u00bb<\/p>\n<div align=\"right\"><a href=\"https:\/\/charlescarson.com\/?p=3272&#038;catID=\" class=\"read-more\">Voir article complet&#8230;<\/a><\/div>\n","protected":false},"author":2,"featured_media":7803,"comment_status":"closed","ping_status":"closed","sticky":false,"template":"","format":"standard","meta":{"footnotes":""},"categories":[5],"tags":[9],"class_list":["post-3272","post","type-post","status-publish","format-standard","has-post-thumbnail","hentry","category-francais-experts-2","tag-canada"],"_links":{"self":[{"href":"https:\/\/charlescarson.com\/index.php?rest_route=\/wp\/v2\/posts\/3272","targetHints":{"allow":["GET"]}}],"collection":[{"href":"https:\/\/charlescarson.com\/index.php?rest_route=\/wp\/v2\/posts"}],"about":[{"href":"https:\/\/charlescarson.com\/index.php?rest_route=\/wp\/v2\/types\/post"}],"author":[{"embeddable":true,"href":"https:\/\/charlescarson.com\/index.php?rest_route=\/wp\/v2\/users\/2"}],"replies":[{"embeddable":true,"href":"https:\/\/charlescarson.com\/index.php?rest_route=%2Fwp%2Fv2%2Fcomments&post=3272"}],"version-history":[{"count":16,"href":"https:\/\/charlescarson.com\/index.php?rest_route=\/wp\/v2\/posts\/3272\/revisions"}],"predecessor-version":[{"id":8662,"href":"https:\/\/charlescarson.com\/index.php?rest_route=\/wp\/v2\/posts\/3272\/revisions\/8662"}],"wp:featuredmedia":[{"embeddable":true,"href":"https:\/\/charlescarson.com\/index.php?rest_route=\/wp\/v2\/media\/7803"}],"wp:attachment":[{"href":"https:\/\/charlescarson.com\/index.php?rest_route=%2Fwp%2Fv2%2Fmedia&parent=3272"}],"wp:term":[{"taxonomy":"category","embeddable":true,"href":"https:\/\/charlescarson.com\/index.php?rest_route=%2Fwp%2Fv2%2Fcategories&post=3272"},{"taxonomy":"post_tag","embeddable":true,"href":"https:\/\/charlescarson.com\/index.php?rest_route=%2Fwp%2Fv2%2Ftags&post=3272"}],"curies":[{"name":"wp","href":"https:\/\/api.w.org\/{rel}","templated":true}]}}