{"id":3264,"date":"2006-04-30T14:49:14","date_gmt":"2013-03-28T14:49:14","guid":{"rendered":"http:\/\/www.charlescarson.com\/?p=3264"},"modified":"2013-05-27T16:01:02","modified_gmt":"2013-05-27T16:01:02","slug":"membre-de-lacadmie-europenne-des-arts-france-aeaf-4","status":"publish","type":"post","link":"https:\/\/charlescarson.com\/?p=3264","title":{"rendered":"Membre de L&rsquo;Acad\u00e9mie Europ\u00e9enne des Arts France (AEAF)"},"content":{"rendered":"<table style=\"width: 100%;\" border=\"0\" cellspacing=\"0\" cellpadding=\"5\">\n<tbody>\n<tr>\n<td valign=\"top\">\n<table style=\"width: 171px;\" border=\"0\" cellspacing=\"5\" cellpadding=\"0\" align=\"right\">\n<tbody>\n<tr>\n<td align=\"center\" width=\"203\"><a class=\"thickbox\" href=\"images\/bigger\/ph_1_131Image.jpg\"><img decoding=\"async\" alt=\"\" src=\"images\/ph_1_131Image.jpg\" border=\"0\" \/><\/a><\/td>\n<\/tr>\n<tr>\n<td valign=\"top\"><strong><em>ANN\u00c9E 2005 MEMBRE No 1549<br \/>\n<\/em><\/strong><\/td>\n<\/tr>\n<\/tbody>\n<\/table>\n<p>ACAD\u00c9MIE EUROPEENNE DES ARTS-FRANCE<\/p>\n<p>ANNEE 2005<\/p>\n<p>Monsieur Charles CARSON<br \/>\nArtiste peintre International<br \/>\nMembre de (AEAF) 2005<\/p>\n<p>La Pr\u00e9sidente<br \/>\nAnne Marie LAUR\u00c8S<\/p>\n<p>L&rsquo;ACAD\u00c9MIE EUROPEENNE DES ARTS-FRANCE est une association, sous le r\u00e9gime de la loi de 1901, fond\u00e9e en 1983. Sa devise est la promotion des Arts et des Artistes. Elle regroupe des artistes professionnels, fran\u00e7ais et \u00e9trangers, et comprend plusieurs sections: peinture, sculpture, photographie, gravure, litt\u00e9rature et musique.<\/p>\n<p>Forte de son importance toujours grandissante, l&rsquo;Acad\u00e9mie accueille, sous l&rsquo;impulsion de sa Pr\u00e9sidente, Anne Marie LAURES, des centaines d&rsquo;artistes dans l&rsquo;ensemble de ses sections qui comptent aujourd&rsquo;hui de grands noms de la peinture, de la sculpture, de la musique et de la po\u00e9sie. Dans chaque section l&rsquo;Acad\u00e9mie organise de nombreuses animations tout au long de l&rsquo;ann\u00e9e.<\/p>\n<p>Chaque ann\u00e9e l&rsquo;ACADEMIE EUROPEENNE DES ARTS-FRANCE organise \u00e0 Paris, pour ses membres, dans le cadre prestigieux de l&rsquo;espace Saint Martin, un SALON INTERNATIONAL ARTISTIQUE renomm\u00e9 pour son excellente tenue et la qualit\u00e9 des oeuvres pr\u00e9sent\u00e9es.<\/p>\n<p>ACAD\u00c9MIE EUROPEENNE DES ARTS-FRANCE<\/p>\n<p>Association r\u00e9gie par la loi du 1 premier juillet 1901, d\u00e9clar\u00e9e \u00e0 la pr\u00e9fecture de Paris sous le no 83\/3031<\/p>\n<p>19 Avenue Roger Salengro 92290 Chateney Malabry.<\/p>\n<p>Acad\u00e9mie Europ\u00e9enne des Arts France<\/td>\n<\/tr>\n<\/tbody>\n<\/table>\n<table style=\"width: 100%;\" border=\"0\" cellspacing=\"0\" cellpadding=\"5\">\n<tbody>\n<tr>\n<td valign=\"top\">\n<table style=\"width: 171px;\" border=\"0\" cellspacing=\"5\" cellpadding=\"0\" align=\"left\">\n<tbody>\n<tr>\n<td align=\"center\" width=\"203\"><a class=\"thickbox\" href=\"images\/bigger\/ph_2_131Image.jpg\"><img decoding=\"async\" alt=\"\" src=\"images\/ph_2_131Image.jpg\" border=\"0\" \/><\/a><\/td>\n<\/tr>\n<tr>\n<td valign=\"top\"><strong><em>ACAD\u00c9MIE EUROPEENNE DES ARTS-FRANCE 2006<br \/>\n<\/em><\/strong><\/td>\n<\/tr>\n<\/tbody>\n<\/table>\n<p>Cher Monsieur, Carson<\/p>\n<p>Le prochain salon de l&rsquo;Acad\u00e9mie Europ\u00e9enne des Arts-France se tiendra entre le 28 mars et le 6 avril 2007 \u00e0 l&rsquo;Espace 2001 : 11 cour Debille 75011 PARIS<br \/>\nVous serez, cette ann\u00e9e, notre invit\u00e9 d&rsquo;honneur et vous pourrez exposer une dizaine de toiles.<br \/>\nNous prendrons \u00e0 notre charge les cartons d&rsquo;invitations ainsi que les affiches et aucune contribution pour exposer ne vous sera demand\u00e9e,<br \/>\nAuriez vous l&rsquo;obligeance de me faire parvenir votre acceptation d&rsquo;exposer en tant qu&rsquo;invit\u00e9 d&rsquo;honneur, ainsi qu&rsquo;un cv et la photo d&rsquo;une de vos oeuvres, en qualit\u00e9 imprimable, pour l&rsquo;affiche et le carton d&rsquo;invitation.<br \/>\nLa date du vernissage n&rsquo;est pas encore fix\u00e9e. Le d\u00e9p\u00f4t des oeuvres se fera le 28 mars et le d\u00e9crochage le 6 avril.<br \/>\nAvec toute mes amiti\u00e9s<\/p>\n<p>Anne-Marie Laur\u00e9s<br \/>\nPr\u00e9sidente de l&rsquo;Acad\u00e9mie Europ\u00e9enne des Arts-France<\/td>\n<\/tr>\n<\/tbody>\n<\/table>\n","protected":false},"excerpt":{"rendered":"<p>ACAD\u00c9MIE EUROPEENNE DES ARTS-FRANCE<\/p>\n<p>Charles CARSON, M\u00e9daill\u00e9 d&rsquo;honneur de (AEAF) Salon international de l\u2019Acad\u00e9mie Europ\u00e9enne des Arts France, Paris 2006 en reconnaissance de son talent exceptionnel.<\/p>\n<p>Pr\u00e9sidente Anne Marie LAUR\u00c8S<\/p>\n<p>\u00abCARSON est un novateur, de renomm\u00e9e internationale.Oeuvre lumineuse, onirique, tonique, une mosa\u00efque de couleurs dans lesquelles des formes vivantes se d\u00e9placent \u00e0 travers d\u2019autres formes, un entrelacs de couleurs baignant dans des superpositions habiles et des transparences subtiles, le tout balay\u00e9 par des touches obliques accentuant l\u2019effet de mouvement.\u00bb<\/p>\n<p>Association r\u00e9gie par la loi du 1 premier juillet 1901, d\u00e9clar\u00e9e \u00e0 la pr\u00e9fecture de Paris sous le no 83\/3031<\/p>\n<p>19 Avenue Roger Salengro 92290 Chateney Malabry.<\/p>\n<div align=\"right\"><a href=\"https:\/\/charlescarson.com\/?p=3264&#038;catID=\" class=\"read-more\">Voir article complet&#8230;<\/a><\/div>\n","protected":false},"author":2,"featured_media":7455,"comment_status":"closed","ping_status":"closed","sticky":false,"template":"","format":"standard","meta":{"footnotes":""},"categories":[26],"tags":[],"class_list":["post-3264","post","type-post","status-publish","format-standard","has-post-thumbnail","hentry","category-prix_mentions"],"_links":{"self":[{"href":"https:\/\/charlescarson.com\/index.php?rest_route=\/wp\/v2\/posts\/3264","targetHints":{"allow":["GET"]}}],"collection":[{"href":"https:\/\/charlescarson.com\/index.php?rest_route=\/wp\/v2\/posts"}],"about":[{"href":"https:\/\/charlescarson.com\/index.php?rest_route=\/wp\/v2\/types\/post"}],"author":[{"embeddable":true,"href":"https:\/\/charlescarson.com\/index.php?rest_route=\/wp\/v2\/users\/2"}],"replies":[{"embeddable":true,"href":"https:\/\/charlescarson.com\/index.php?rest_route=%2Fwp%2Fv2%2Fcomments&post=3264"}],"version-history":[{"count":6,"href":"https:\/\/charlescarson.com\/index.php?rest_route=\/wp\/v2\/posts\/3264\/revisions"}],"predecessor-version":[{"id":4868,"href":"https:\/\/charlescarson.com\/index.php?rest_route=\/wp\/v2\/posts\/3264\/revisions\/4868"}],"wp:featuredmedia":[{"embeddable":true,"href":"https:\/\/charlescarson.com\/index.php?rest_route=\/wp\/v2\/media\/7455"}],"wp:attachment":[{"href":"https:\/\/charlescarson.com\/index.php?rest_route=%2Fwp%2Fv2%2Fmedia&parent=3264"}],"wp:term":[{"taxonomy":"category","embeddable":true,"href":"https:\/\/charlescarson.com\/index.php?rest_route=%2Fwp%2Fv2%2Fcategories&post=3264"},{"taxonomy":"post_tag","embeddable":true,"href":"https:\/\/charlescarson.com\/index.php?rest_route=%2Fwp%2Fv2%2Ftags&post=3264"}],"curies":[{"name":"wp","href":"https:\/\/api.w.org\/{rel}","templated":true}]}}