{"id":3192,"date":"1995-10-15T14:49:13","date_gmt":"1995-10-15T14:49:13","guid":{"rendered":"http:\/\/www.charlescarson.com\/?p=3192"},"modified":"2013-04-01T19:23:43","modified_gmt":"2013-04-01T19:23:43","slug":"sobrados-de-color-15-de-octubre-de-1995-3","status":"publish","type":"post","link":"https:\/\/charlescarson.com\/?p=3192","title":{"rendered":"SOBRADOS DE COLOR, 15 de octubre de 1995"},"content":{"rendered":"<table width=\"100%\" border=\"0\" cellspacing=\"0\" cellpadding=\"5\">\n<tbody>\n<tr>\n<td valign=\"top\">\n<table width=\"171\" border=\"0\" cellspacing=\"5\" cellpadding=\"0\" align=\"right\">\n<tbody>\n<tr>\n<td align=\"center\" width=\"203\"><a class=\"thickbox\" href=\"images\/bigger\/ph_1_47Image.JPG\"><img decoding=\"async\" alt=\"\" src=\"images\/ph_1_47Image.JPG\" border=\"0\" \/><\/a><\/td>\n<\/tr>\n<tr>\n<td valign=\"top\"><strong><em>\u00a0<\/em><\/strong><\/td>\n<\/tr>\n<\/tbody>\n<\/table>\n<p>El Universal, Section Dominical<br \/>\nDomingo 15 de octubre de 1995<\/p>\n<p>SOBRADOS DE COLOR<\/p>\n<p>Charles Carson,<br \/>\nUna propuesta de color<\/p>\n<p>Por segunda vez expone en Cartagena Charles Carson, pintor canadiense que cuelga su nueva muestra en la reci\u00e9n abierta Galer\u00eda Cartagena Arte.<\/p>\n<p>Carson se declara descubridor del color latinoamericano y muy especialmente del que Colombia tiene en su naturaleza y en sus gentes.<\/td>\n<\/tr>\n<\/tbody>\n<\/table>\n<table width=\"100%\" border=\"0\" cellspacing=\"0\" cellpadding=\"5\">\n<tbody>\n<tr>\n<td valign=\"top\">\n<table width=\"171\" border=\"0\" cellspacing=\"5\" cellpadding=\"0\" align=\"left\">\n<tbody>\n<tr>\n<td align=\"center\" width=\"203\"><a class=\"thickbox\" href=\"images\/bigger\/ph_2_47Image.JPG\"><img decoding=\"async\" alt=\"\" src=\"images\/ph_2_47Image.JPG\" border=\"0\" \/><\/a><\/td>\n<\/tr>\n<tr>\n<td valign=\"top\"><strong><em>\u00a0<\/em><\/strong><\/td>\n<\/tr>\n<\/tbody>\n<\/table>\n<p>Este artista naci\u00f3 en Montreal en 1957, viene de estudiar el colorido y la composici\u00f3n de los grandes maestros de la pintura universal, particularmente la de Van Gogh, Cezanne y Da Vinci.<\/p>\n<p>Hoy se encuentra Carson en muy buena posici\u00f3n en el mercado del arte internacional, como resultado de su presencia en muestras colectivas e individuales desde 1985, donde se codea con artistas de renombre.<\/p>\n<p>Desde 1977, este pintor viene incursionando en una t\u00e9cnica que considera propia, consistente en un reiterado uso de la esp\u00e1tula y una paleta de gran viveza, aunque repetitiva en su m\u00e1s reciente trabajo.<\/p>\n<p>La exposici\u00f3n de Cartagena, abierta el 5 de octubre, tiene un dinamismo asentado b\u00e1sicamente en los colores c\u00e1lidos, que forman una explosi\u00f3n casi de pirotecnia ante la cual el observador es obligado a adoptar una posici\u00f3n.<\/p>\n<p>La muestra de esta vez, es una interpretaci\u00f3n abstracta de los objetos, de la figura humana y del paisaje absolutamente libre y fresca.<\/p>\n<p>Algunos observadores de la obra de Carson insisten en que este pintor no es abstracto total, sino que se trata de un abstraccionista de menor grado.<\/p>\n<p>\u00ab Las formas figurativas, muy notorias, est\u00e1n inmersas en un universo de configuraciones tal vez relativamente indefinidas, pero que est\u00e1n siempre en relaci\u00f3n directa con los elementos dominantes \u00bb afirma el experto en obras de arte y consejero en inversiones en ese rengl\u00f3n, Louis Bruens.<\/p>\n<p>Otros lo consideran un \u00ab traductor de la naturaleza y de sus objetos \u00bb en forma tal que responda a las reglas de la est\u00e9tica convencional.<\/td>\n<\/tr>\n<\/tbody>\n<\/table>\n<table width=\"100%\" border=\"0\" cellspacing=\"0\" cellpadding=\"5\">\n<tbody>\n<tr>\n<td valign=\"top\">\n<table width=\"171\" border=\"0\" cellspacing=\"5\" cellpadding=\"0\" align=\"right\">\n<tbody>\n<tr>\n<td align=\"center\" width=\"203\"><a class=\"thickbox\" href=\"images\/bigger\/ph_3_47Image.JPG\"><img decoding=\"async\" alt=\"\" src=\"images\/ph_3_47Image.JPG\" border=\"0\" \/><\/a><\/td>\n<\/tr>\n<tr>\n<td valign=\"top\"><strong><em>\u00a0<\/em><\/strong><\/td>\n<\/tr>\n<\/tbody>\n<\/table>\n<p>S\u00f3lo despu\u00e9s de una larga observaci\u00f3n de sus cuadros es cuando el p\u00fablico encuentra la definici\u00f3n de personajes y objetos reconocibles a simple vista.<\/p>\n<p>Carson se impuso una norma : no entrar en el mercado del arte hasta cuando no hubiera encontrado un lenguaje propio que lo identificara.<\/p>\n<p>Para el caso de la muestra de Cartagena Arte, puede afirmarse que Carson trajo elementos ante los cuales es importante detenerse.<\/p>\n<p>El artista toca aspectos paisajisticos del medio marino y boscoso que circunda la ciudad y vale decir, que es donde m\u00e1s nos llega por razones obvias.<\/p>\n<p>Frutas, \u00e1rboles, peces y fondos marinos, constituyen una buena porci\u00f3n de la muestra de Carson en Cartagena, y por fortuna es la que hace v\u00e1lida la oportunidad de abordar su obra, puesto que se obtiene una saludable pr\u00e1ctica est\u00e9tica.<\/p>\n<p>Digamos, para estar a tono, que se trata de una propuesta ecol\u00f3gica hecha en forma velada.<\/p>\n<p>El artista, bueno es repetirlo, tiene el derecho \u00ab\u00a0 absoluto de recrear y transformar las im\u00e1genes que le llegan de la naturaleza y de los personajes que conforman el gran fresco de la humanidad.<\/p>\n<p>Con ese derecho en su pincel act\u00faa Carson, colorista de sue\u00f1os y de emociones, h\u00e1bil en la disposici\u00f3n de los colores e inteligente en la composici\u00f3n siempre alegre y divertida.<\/p>\n<p>Resulta muy importante para el medio cartagenero que tanto los artistas como los seguidores del arte pict\u00f3rico en la ciudad, tengan la ocasi\u00f3n de admirar trabajos como el de Charles Carson, originado en una disciplina seria, exenta de improvisaciones. (LM)<\/td>\n<\/tr>\n<\/tbody>\n<\/table>\n","protected":false},"excerpt":{"rendered":"<p>\u00a0 El Universal, Section Dominical Domingo 15 de octubre de 1995 SOBRADOS DE COLOR Charles Carson, Una propuesta de color Por segunda vez expone en Cartagena Charles Carson, pintor canadiense que cuelga su nueva muestra en la reci\u00e9n abierta Galer\u00eda Cartagena Arte. Carson se declara descubridor del color latinoamericano y muy especialmente del que Colombia tiene en su naturaleza y en sus gentes. \u00a0 Este artista naci\u00f3 en Montreal en 1957, viene de estudiar el [&hellip;]<\/p>\n<div align=\"right\"><a href=\"https:\/\/charlescarson.com\/?p=3192&#038;catID=\" class=\"read-more\">Voir article complet&#8230;<\/a><\/div>\n","protected":false},"author":2,"featured_media":0,"comment_status":"closed","ping_status":"closed","sticky":false,"template":"","format":"standard","meta":{"footnotes":""},"categories":[2],"tags":[],"class_list":["post-3192","post","type-post","status-publish","format-standard","hentry","category-note-biographique"],"_links":{"self":[{"href":"https:\/\/charlescarson.com\/index.php?rest_route=\/wp\/v2\/posts\/3192","targetHints":{"allow":["GET"]}}],"collection":[{"href":"https:\/\/charlescarson.com\/index.php?rest_route=\/wp\/v2\/posts"}],"about":[{"href":"https:\/\/charlescarson.com\/index.php?rest_route=\/wp\/v2\/types\/post"}],"author":[{"embeddable":true,"href":"https:\/\/charlescarson.com\/index.php?rest_route=\/wp\/v2\/users\/2"}],"replies":[{"embeddable":true,"href":"https:\/\/charlescarson.com\/index.php?rest_route=%2Fwp%2Fv2%2Fcomments&post=3192"}],"version-history":[{"count":2,"href":"https:\/\/charlescarson.com\/index.php?rest_route=\/wp\/v2\/posts\/3192\/revisions"}],"predecessor-version":[{"id":3699,"href":"https:\/\/charlescarson.com\/index.php?rest_route=\/wp\/v2\/posts\/3192\/revisions\/3699"}],"wp:attachment":[{"href":"https:\/\/charlescarson.com\/index.php?rest_route=%2Fwp%2Fv2%2Fmedia&parent=3192"}],"wp:term":[{"taxonomy":"category","embeddable":true,"href":"https:\/\/charlescarson.com\/index.php?rest_route=%2Fwp%2Fv2%2Fcategories&post=3192"},{"taxonomy":"post_tag","embeddable":true,"href":"https:\/\/charlescarson.com\/index.php?rest_route=%2Fwp%2Fv2%2Ftags&post=3192"}],"curies":[{"name":"wp","href":"https:\/\/api.w.org\/{rel}","templated":true}]}}