{"id":3179,"date":"1994-02-15T14:49:13","date_gmt":"1994-02-15T14:49:13","guid":{"rendered":"http:\/\/www.charlescarson.com\/?p=3179"},"modified":"2013-06-06T21:25:25","modified_gmt":"2013-06-06T21:25:25","slug":"mentions-dhonneur-festival-de-arte-del-caribe-colombia-3","status":"publish","type":"post","link":"https:\/\/charlescarson.com\/?p=3179","title":{"rendered":"Mentions d&rsquo;honneur, Festival de arte del Caribe, Colombia"},"content":{"rendered":"<table style=\"width: 100%;\" border=\"0\" cellspacing=\"0\" cellpadding=\"5\">\n<tbody>\n<tr>\n<td valign=\"top\">\n<table style=\"width: 171px;\" border=\"0\" cellspacing=\"5\" cellpadding=\"0\" align=\"right\">\n<tbody>\n<tr>\n<td align=\"center\" width=\"203\"><a class=\"thickbox\" href=\"images\/bigger\/ph_1_40Image.JPG\"><img decoding=\"async\" alt=\"\" src=\"images\/ph_1_40Image.JPG\" border=\"0\" \/><\/a><\/td>\n<\/tr>\n<tr>\n<td valign=\"top\"><strong><em>\u00a0<\/em><\/strong><\/td>\n<\/tr>\n<\/tbody>\n<\/table>\n<p>Charles Carson, invitado especial<br \/>\nen la muestra de Arte del Caribe.<\/p>\n<p>Por Martha Bajaire,<\/p>\n<p>El Periodico, El Heraldo,<br \/>\nPublicaci\u00f3n: Martes del 15 de fefrero de 1994<\/p>\n<p>VIRTUOSO DE LOS COLORES Y NUTRIDO DEL ASOMBRO<br \/>\nDE LA LUZ DEL PLANETA.<\/p>\n<p>El destacado artista canadiense Charles Carson es el primer invitado internacional que confirma su participaci\u00f3n en la muestra de Arte del Caribe que se realizar\u00e1 una vez m\u00e1s en el marco de la XIII veris\u00f3n de Festicaribe.<\/td>\n<\/tr>\n<\/tbody>\n<\/table>\n<table style=\"width: 100%;\" border=\"0\" cellspacing=\"0\" cellpadding=\"5\">\n<tbody>\n<tr>\n<td valign=\"top\">\n<table style=\"width: 171px;\" border=\"0\" cellspacing=\"5\" cellpadding=\"0\" align=\"left\">\n<tbody>\n<tr>\n<td align=\"center\" width=\"203\"><a class=\"thickbox\" href=\"images\/bigger\/ph_2_40Image.JPG\"><img decoding=\"async\" alt=\"\" src=\"images\/ph_2_40Image.JPG\" border=\"0\" \/><\/a><\/td>\n<\/tr>\n<tr>\n<td valign=\"top\"><strong><em>\u00a0<\/em><\/strong><\/td>\n<\/tr>\n<\/tbody>\n<\/table>\n<p>Virtuoso de los colores y nutrido del asombro de la luz del planeta, Carson a pesar de no haber nacido en el Caribe, ha manifestado su conmoci\u00f3n frente a la liturgia ambulante de las mujeres de Palenque, con su corona de colores, como si llevaran sobre s\u00ed misma el cabello enfrutecido y el peso enorme del arcoiris.<\/p>\n<p>Seg\u00fan el consagrado escritor y cr\u00edtico Guy Robert, el artista canadiense pinta con toda la espontaniedad, pero inspirado por la dicha de jugar con las formas y colores. Ante la frescura, el dinamismo y el ritmo de las obras de Carson, se piensa en el mejor jazz, donde el sentido de la improvisaci\u00f3n hace resaltar maravillosamente la estructura de la melod\u00eda y la energ\u00eda de la sintaxis musical escribi\u00f3 Robert, doctorado en est\u00e9tica de la Universidad de Paris.<\/td>\n<\/tr>\n<\/tbody>\n<\/table>\n<table style=\"width: 100%;\" border=\"0\" cellspacing=\"0\" cellpadding=\"5\">\n<tbody>\n<tr>\n<td valign=\"top\">\n<table style=\"width: 171px;\" border=\"0\" cellspacing=\"5\" cellpadding=\"0\" align=\"right\">\n<tbody>\n<tr>\n<td align=\"center\" width=\"203\"><a class=\"thickbox\" href=\"images\/bigger\/ph_3_40Image.BMP\"><img decoding=\"async\" alt=\"\" src=\"images\/ph_3_40Image.BMP\" border=\"0\" \/><\/a><\/td>\n<\/tr>\n<tr>\n<td valign=\"top\"><strong><em>Mention d&rsquo;honneur Festival del Caribe, Colombie<br \/>\n<\/em><\/strong><\/td>\n<\/tr>\n<\/tbody>\n<\/table>\n<p>A Charles Carson lo inspira igualmente el color de una ciudad inigualable como Cartagena de Indias y la maravillosa indiscriptible, sudmarina y paradis\u00edaca de sus islas.<\/p>\n<p>El artista participar\u00e1 con sus obras en la Muestra de Arte, al lado de figuras consagradas de nuestro pa\u00eds y los nuevos valores de las artes pl\u00e1sticas del \u00e1rea del Caribe.<\/p>\n<p>Virtuoso de los colores y nutrido del asombro de la luz del planeta, Carson a pesar de no haber nacido en el Caribe, ha manifestado su conmoci\u00f3n frente a la liturgia ambulante de las mujeres de Palenque, con su corona de colores, como si llevaran sobre si misma el cabello enfrutecido y el peso enorme del arcoiris.<\/td>\n<\/tr>\n<\/tbody>\n<\/table>\n","protected":false},"excerpt":{"rendered":"<p>Mentions d&rsquo;honneur, Festival de arte del Caribe, Colombia<\/p>\n<div align=\"right\"><a href=\"https:\/\/charlescarson.com\/?p=3179&#038;catID=\" class=\"read-more\">Voir article complet&#8230;<\/a><\/div>\n","protected":false},"author":2,"featured_media":7510,"comment_status":"closed","ping_status":"closed","sticky":false,"template":"","format":"standard","meta":{"footnotes":""},"categories":[26],"tags":[33],"class_list":["post-3179","post","type-post","status-publish","format-standard","has-post-thumbnail","hentry","category-prix_mentions","tag-colombie"],"_links":{"self":[{"href":"https:\/\/charlescarson.com\/index.php?rest_route=\/wp\/v2\/posts\/3179","targetHints":{"allow":["GET"]}}],"collection":[{"href":"https:\/\/charlescarson.com\/index.php?rest_route=\/wp\/v2\/posts"}],"about":[{"href":"https:\/\/charlescarson.com\/index.php?rest_route=\/wp\/v2\/types\/post"}],"author":[{"embeddable":true,"href":"https:\/\/charlescarson.com\/index.php?rest_route=\/wp\/v2\/users\/2"}],"replies":[{"embeddable":true,"href":"https:\/\/charlescarson.com\/index.php?rest_route=%2Fwp%2Fv2%2Fcomments&post=3179"}],"version-history":[{"count":6,"href":"https:\/\/charlescarson.com\/index.php?rest_route=\/wp\/v2\/posts\/3179\/revisions"}],"predecessor-version":[{"id":5066,"href":"https:\/\/charlescarson.com\/index.php?rest_route=\/wp\/v2\/posts\/3179\/revisions\/5066"}],"wp:featuredmedia":[{"embeddable":true,"href":"https:\/\/charlescarson.com\/index.php?rest_route=\/wp\/v2\/media\/7510"}],"wp:attachment":[{"href":"https:\/\/charlescarson.com\/index.php?rest_route=%2Fwp%2Fv2%2Fmedia&parent=3179"}],"wp:term":[{"taxonomy":"category","embeddable":true,"href":"https:\/\/charlescarson.com\/index.php?rest_route=%2Fwp%2Fv2%2Fcategories&post=3179"},{"taxonomy":"post_tag","embeddable":true,"href":"https:\/\/charlescarson.com\/index.php?rest_route=%2Fwp%2Fv2%2Ftags&post=3179"}],"curies":[{"name":"wp","href":"https:\/\/api.w.org\/{rel}","templated":true}]}}